{
  "@context": "http://hub.culturegraph.org/entityfacts/context/v1/entityfacts.jsonld",
  "@id": "https://d-nb.info/gnd/116319100",
  "describedBy": {
    "valid": "2026-04-28T17:33:16Z",
    "license": "https://creativecommons.org/publicdomain/zero/1.0/",
    "@id": "https://hub.culturegraph.org/entityfacts/116319100"
  },
  "preferredName": "Christoph Rab",
  "surname": "Rab",
  "forename": "Christoph",
  "@type": "person",
  "variantName": [
    "Christophorus Rabus",
    "Christoph Rabe",
    "Christoph Raab",
    "Christophorus Raab",
    "Christophorus Corvinus"
  ],
  "dateOfBirth": "March 17, 1579",
  "dateOfDeath": "July 5, 1632",
  "associatedCountry": [
    {
      "@id": "https://d-nb.info/standards/vocab/gnd/geographic-area-code#XA-DE",
      "preferredName": "Deutschland"
    }
  ],
  "professionOrOccupation": [
    {
      "@id": "https://d-nb.info/gnd/4029050-5",
      "preferredName": "Jurist"
    }
  ],
  "gender": {
    "@id": "https://d-nb.info/standards/vocab/gnd/gender#male",
    "label": "Mann"
  },
  "biographicalOrHistoricalInformation": "Student in Jena, Tu\u0308bingen, Altdorf, Stra\u00dfburg, Genf u. Basel, 1599-1603 Reise durch Frankreich, England u. Italien, 1614-1632 Ammann des Rats von Dinkelsbu\u0308hl",
  "relatedPerson": [
    {
      "@id": "https://d-nb.info/gnd/119616459",
      "relationship": "VD-16 Mitverf.",
      "preferredName": "Johannes Behemus"
    },
    {
      "@id": "https://d-nb.info/gnd/119625687",
      "relationship": "VD-16 Mitverf.",
      "preferredName": "Gabriel Boltz"
    },
    {
      "relationship": "Rinschheim; VD-16 Mitverf.",
      "preferredName": "Johannes Eichhorn"
    },
    {
      "@id": "https://d-nb.info/gnd/119664909",
      "relationship": "VD-16 Mitverf.",
      "preferredName": "Paul Ertlin"
    },
    {
      "@id": "https://d-nb.info/gnd/119707888",
      "relationship": "VD-16 Mitverf.",
      "preferredName": "Michael Hertzog"
    },
    {
      "@id": "https://d-nb.info/gnd/119803054",
      "relationship": "VD-16 Mitverf.",
      "preferredName": "Veit Reuttinger"
    },
    {
      "@id": "https://d-nb.info/gnd/118064541",
      "relationship": "VD-16 Mitverf.",
      "preferredName": "Jakob Saur"
    },
    {
      "@id": "https://d-nb.info/gnd/119816903",
      "relationship": "VD-16 Mitverf.",
      "preferredName": "Martin Scharpfer"
    },
    {
      "@id": "https://d-nb.info/gnd/119837919",
      "relationship": "VD-16 Mitverf.",
      "preferredName": "Hendrik Steeg"
    },
    {
      "@id": "https://d-nb.info/gnd/119744031",
      "relationship": "VD-16 Mitverf.",
      "preferredName": "Aurelius Lilius"
    }
  ],
  "sameAs": [
    {
      "@id": "https://d-nb.info/gnd/116319100/about",
      "collection": {
        "abbr": "DNB",
        "name": "Gemeinsame Normdatei (GND) im Katalog der Deutschen Nationalbibliothek",
        "publisher": "Deutsche Nationalbibliothek",
        "icon": "https://www.dnb.de/SiteGlobals/Frontend/DNBWeb/Images/favicon.png?__blob=normal&v=4"
      }
    },
    {
      "@id": "https://aaa.gf-franken.de/de/recherche.html?permaLink=04316",
      "collection": {
        "abbr": "AAA",
        "name": "Album Academicum Altorphinum (AAA)",
        "publisher": "Department Germanistik und Komparatistik der Friedrich-Alexander-Universit\u00e4t Erlangen-N\u00fcrnberg in Zusammenarbeit mit der Gesellschaft f\u00fcr Familienforschung in Franken",
        "icon": "https://www.gf-franken.de/favicon.ico"
      }
    },
    {
      "@id": "https://kalliope-verbund.info/gnd/116319100",
      "collection": {
        "abbr": "DE-611",
        "name": "Kalliope Verbundkatalog",
        "publisher": "Staatsbibliothek zu Berlin - Preu\u00dfischer Kulturbesitz",
        "icon": "https://kalliope-verbund.info/img/favicon.ico"
      }
    },
    {
      "@id": "https://mmlo.de/Q/GND=116319100",
      "collection": {
        "abbr": "MMLO",
        "name": "Biographisches Lexikon der M\u00fcnzmeister und Wardeine, Stempelschneider und Medailleure",
        "publisher": "Ludwig-Maximilians-Universit\u00e4t M\u00fcnchen - Historisches Seminar - Fr\u00fche Neuzeit",
        "icon": "https://mintmaster.geschichte.lmu.de/favicon.ico"
      }
    },
    {
      "@id": "https://www.deutsche-digitale-bibliothek.de/person/gnd/116319100",
      "collection": {
        "abbr": "DDB",
        "name": "Deutsche Digitale Bibliothek",
        "publisher": "Deutsche Digitale Bibliothek",
        "icon": "https://www.deutsche-digitale-bibliothek.de/favicon.ico"
      }
    },
    {
      "@id": "http://viaf.org/viaf/37663767",
      "collection": {
        "abbr": "VIAF",
        "name": "Virtual International Authority File (VIAF)",
        "publisher": "OCLC",
        "icon": "https://viaf.org/viaf/images/viaf.ico"
      }
    },
    {
      "@id": "http://www.wikidata.org/entity/Q55893225",
      "collection": {
        "abbr": "WIKIDATA",
        "name": "Wikidata",
        "publisher": "Wikimedia Foundation Inc.",
        "icon": "https://www.wikidata.org/static/favicon/wikidata.ico"
      }
    },
    {
      "@id": "https://isni.org/isni/0000000013841360",
      "collection": {
        "abbr": "ISNI",
        "name": "International Standard Name Identifier (ISNI)",
        "publisher": "International Standard Name Identifier (ISNI)",
        "icon": "https://www.isni.org/sites/default/files/isni_new_favicon.ico"
      }
    }
  ]
}