{
  "@context": "http://hub.culturegraph.org/entityfacts/context/v1/entityfacts.jsonld",
  "@id": "https://d-nb.info/gnd/11630944X",
  "describedBy": {
    "valid": "2026-04-27T18:38:38Z",
    "license": "https://creativecommons.org/publicdomain/zero/1.0/",
    "@id": "https://hub.culturegraph.org/entityfacts/11630944X"
  },
  "preferredName": "Tobias Andreae",
  "surname": "Andreae",
  "forename": "Tobias",
  "@type": "person",
  "variantName": [
    "Tobias Andrea\u0308",
    "Tobias Andreae, d.J.",
    "Tobias Andreae, der Ju\u0308ngere",
    "Tobie Andre\u0301",
    "Tobias Andreas"
  ],
  "dateOfBirth": "August 19, 1604",
  "dateOfDeath": "October 17, 1676",
  "placeOfBirth": [
    {
      "@id": "https://d-nb.info/gnd/4008045-6",
      "preferredName": "Braunfels"
    }
  ],
  "associatedCountry": [
    {
      "@id": "https://d-nb.info/standards/vocab/gnd/geographic-area-code#XA-DE",
      "preferredName": "Deutschland"
    }
  ],
  "professionOrOccupation": [
    {
      "@id": "https://d-nb.info/gnd/4199241-6",
      "preferredName": "Klassischer Philologe"
    },
    {
      "@id": "https://d-nb.info/gnd/4025098-2",
      "preferredName": "Historiker"
    }
  ],
  "gender": {
    "@id": "https://d-nb.info/standards/vocab/gnd/gender#male",
    "label": "Mann"
  },
  "biographicalOrHistoricalInformation": "Dt. Historiker, Philologe, Bibliothekar; Student in Bremen, Groningen und Leiden; seit 1634 Prof. phil., hist. und graec. in Groningen",
  "familialRelationship": [
    {
      "@id": "https://d-nb.info/gnd/118792342",
      "relationship": "Gro\u00dfvater",
      "preferredName": "Johannes Piscator"
    },
    {
      "@id": "https://d-nb.info/gnd/128766832",
      "relationship": "Vater",
      "preferredName": "Tobias Andreae"
    },
    {
      "@id": "https://d-nb.info/gnd/124679455",
      "relationship": "Neffe",
      "preferredName": "Tobias Andreae"
    }
  ],
  "sameAs": [
    {
      "@id": "https://d-nb.info/gnd/11630944X/about",
      "collection": {
        "abbr": "DNB",
        "name": "Gemeinsame Normdatei (GND) im Katalog der Deutschen Nationalbibliothek",
        "publisher": "Deutsche Nationalbibliothek",
        "icon": "https://www.dnb.de/SiteGlobals/Frontend/DNBWeb/Images/favicon.png?__blob=normal&v=4"
      }
    },
    {
      "@id": "https://kalliope-verbund.info/gnd/11630944X",
      "collection": {
        "abbr": "DE-611",
        "name": "Kalliope Verbundkatalog",
        "publisher": "Staatsbibliothek zu Berlin - Preu\u00dfischer Kulturbesitz",
        "icon": "https://kalliope-verbund.info/img/favicon.ico"
      }
    },
    {
      "@id": "https://raa.gf-franken.de/de/suche-nach-stammbuechern.html?permaLink=1632_andreae1",
      "collection": {
        "abbr": "RAAS",
        "name": "Repertorium Alborum Amicorum (RAA) - Stammb\u00fccher",
        "publisher": "Department Germanistik und Komparatistik der Friedrich-Alexander-Universit\u00e4t Erlangen-N\u00fcrnberg in Zusammenarbeit mit der Gesellschaft f\u00fcr Familienforschung in Franken",
        "icon": "https://www.gf-franken.de/favicon.ico"
      }
    },
    {
      "@id": "https://raa.gf-franken.de/de/suche-nach-stammbuechern.html?permaLink=1632_andreae2",
      "collection": {
        "abbr": "RAAS",
        "name": "Repertorium Alborum Amicorum (RAA) - Stammb\u00fccher",
        "publisher": "Department Germanistik und Komparatistik der Friedrich-Alexander-Universit\u00e4t Erlangen-N\u00fcrnberg in Zusammenarbeit mit der Gesellschaft f\u00fcr Familienforschung in Franken",
        "icon": "https://www.gf-franken.de/favicon.ico"
      }
    },
    {
      "@id": "https://raa.gf-franken.de/de/suche-nach-stammbuechern.html?permaLink=1632_andreae3",
      "collection": {
        "abbr": "RAAS",
        "name": "Repertorium Alborum Amicorum (RAA) - Stammb\u00fccher",
        "publisher": "Department Germanistik und Komparatistik der Friedrich-Alexander-Universit\u00e4t Erlangen-N\u00fcrnberg in Zusammenarbeit mit der Gesellschaft f\u00fcr Familienforschung in Franken",
        "icon": "https://www.gf-franken.de/favicon.ico"
      }
    },
    {
      "@id": "https://www.deutsche-digitale-bibliothek.de/person/gnd/11630944X",
      "collection": {
        "abbr": "DDB",
        "name": "Deutsche Digitale Bibliothek",
        "publisher": "Deutsche Digitale Bibliothek",
        "icon": "https://www.deutsche-digitale-bibliothek.de/favicon.ico"
      }
    },
    {
      "@id": "https://www.lagis-hessen.de/pnd/11630944X",
      "collection": {
        "abbr": "LAGIS",
        "name": "Hessische Biografie",
        "publisher": "Hessisches Landesamt fu\u0308r geschichtliche Landeskunde",
        "icon": "https://www.lagis-hessen.de/favicon.ico"
      }
    },
    {
      "@id": "https://www.portraitindex.de/dokumente/pnd/11630944X",
      "collection": {
        "abbr": "Portraitindex",
        "name": "Digitaler Portraitindex der druckgraphischen Bildnisse der Fru\u0308hen Neuzeit",
        "publisher": "Deutsches Dokumentationszentrum fu\u0308r Kunstgeschichte - Bildarchiv Foto Marburg",
        "icon": "https://www.portraitindex.de/favicon.ico"
      }
    },
    {
      "@id": "http://viaf.org/viaf/47510441",
      "collection": {
        "abbr": "VIAF",
        "name": "Virtual International Authority File (VIAF)",
        "publisher": "OCLC",
        "icon": "https://viaf.org/viaf/images/viaf.ico"
      }
    },
    {
      "@id": "http://www.wikidata.org/entity/Q19678109",
      "collection": {
        "abbr": "WIKIDATA",
        "name": "Wikidata",
        "publisher": "Wikimedia Foundation Inc.",
        "icon": "https://www.wikidata.org/static/favicon/wikidata.ico"
      }
    },
    {
      "@id": "https://isni.org/isni/000000002138186X",
      "collection": {
        "abbr": "ISNI",
        "name": "International Standard Name Identifier (ISNI)",
        "publisher": "International Standard Name Identifier (ISNI)",
        "icon": "https://www.isni.org/sites/default/files/isni_new_favicon.ico"
      }
    }
  ]
}