{
  "@context": "http://hub.culturegraph.org/entityfacts/context/v1/entityfacts.jsonld",
  "@id": "https://d-nb.info/gnd/116170638",
  "describedBy": {
    "valid": "2026-04-28T17:13:47Z",
    "license": "https://creativecommons.org/publicdomain/zero/1.0/",
    "@id": "https://hub.culturegraph.org/entityfacts/116170638"
  },
  "preferredName": "Theodor Bibliander",
  "surname": "Bibliander",
  "forename": "Theodor",
  "@type": "person",
  "variantName": [
    "Theodorus Bibliandrus",
    "Theodorus Bibliander",
    "The\u0301odore Bibliander"
  ],
  "realIdentity": [
    {
      "preferredName": "Theodor Buchmann"
    }
  ],
  "dateOfBirth": "1504",
  "dateOfDeath": "September 26, 1564",
  "placeOfBirth": [
    {
      "@id": "https://d-nb.info/gnd/4006957-6",
      "preferredName": "Bischofszell"
    }
  ],
  "placeOfDeath": [
    {
      "@id": "https://d-nb.info/gnd/4068038-1",
      "preferredName": "Zu\u0308rich"
    }
  ],
  "associatedCountry": [
    {
      "@id": "https://d-nb.info/standards/vocab/gnd/geographic-area-code#XA-CH",
      "preferredName": "Schweiz"
    }
  ],
  "professionOrOccupation": [
    {
      "@id": "https://d-nb.info/gnd/4059756-8",
      "preferredName": "Theologe"
    },
    {
      "@id": "https://d-nb.info/gnd/4199236-2",
      "preferredName": "Philologe"
    },
    {
      "@id": "https://d-nb.info/gnd/4415844-0",
      "preferredName": "Orientalist"
    }
  ],
  "gender": {
    "@id": "https://d-nb.info/standards/vocab/gnd/gender#male",
    "label": "Mann"
  },
  "biographicalOrHistoricalInformation": "Zwinglis Nachfolger; bedeutender Bibelausleger; Koranherausgeber; Schweiz. Theologe u. Orientalist ; Zwinglis Nachfolger ; Geboren 1506 (Theodor Buchmann), gestorben 24.9.1564 Zu\u0308rich, von Bischofszell. Sohn des Ratsherrn und Stiftsammanns Hans Buchmann. Bruder des Heinrich ( -> 1 ). \u221e 1532 Rosine Rordorf, Tochter des Felix, von Zu\u0308rich. B. absolvierte in Zu\u0308rich die Lateinschule unter Oswald Myconius, lernte Griechisch und Hebra\u0308isch bei Jakob Ceporin und ho\u0308rte in Basel 1525-27 Vorlesungen bei Johannes Oekolampad und Konrad Pellikan. Anschliessend lehrte er zwei Jahre lang an der Hochschule im schlesischen Liegnitz (heute Legnica, Polen). Nach kurzer Ta\u0308tigkeit als Lateinschulmeister in Brugg fand er 1531 seine Lebensaufgabe an der Zu\u0308rcher Theologenschule, an der er die Nachfolge Zwinglis als Prof. fu\u0308r Altes Testament antrat. Die Zeitgenossen ru\u0308hmten ihn als vorzu\u0308gl. Philologen und Bibelexegeten. Seine Vorlesungen fanden durch Schu\u0308lernachschriften Verbreitung in weiten Kreisen. Neben seiner Lehrta\u0308tigkeit wirkte er als vielfa\u0308ltiger und produktiver Publizist. Er vero\u0308ffentlichte eine hebra\u0308ische Grammatik (1535, 1. Teil), gab eine Sammlung von Briefen Zwinglis und Oekolampads heraus (1536), fu\u0308hrte die lat. Bibelu\u0308bersetzung Leo Juds nach dessen Tod (1542) zu Ende und publizierte einen herausragenden Apokalypsenkommentar (1545). Zahlreich waren zudem seine apologet. und polem. Schriften. Durch zwei Werke erwarb sich B. bleibende Bedeutung: Mit der 1543 bei Johannes Oporinus in Basel gedruckten lat. Koranu\u0308bersetzung ero\u0308ffnete er der europ. Gelehrtenwelt den Zugang zur zentralen Quelle islam. Glaubens, und mit dem Werk \"De ratione communi omnium linguarum et literarum commentarius\" (1548), in dem er auf der Grundlage mehrerer europ. und oriental. Sprachen religio\u0308s und sprachlich Gemeinsames erarbeitete, geho\u0308rt er zu den Wegbereitern der vergleichenden Sprachwissenschaften. 1560 wurde B. nach Streitereien (Quelle: HLS)",
  "affiliation": [
    {
      "@id": "https://d-nb.info/gnd/36190-2",
      "preferredName": "Universita\u0308t Zu\u0308rich"
    }
  ],
  "relatedPerson": [
    {
      "@id": "https://d-nb.info/gnd/118505114",
      "relationship": "VD-16 Mitverf.",
      "preferredName": "Aurelius Augustinus, Heiliger"
    },
    {
      "@id": "https://d-nb.info/gnd/119616017",
      "relationship": "VD-16 Mitverf.",
      "preferredName": "Peter Becker"
    },
    {
      "relationship": "VD-16 Mitverf.",
      "preferredName": "Heinrich Bullinger, der A\u0308ltere"
    },
    {
      "relationship": "Papst; VD-16 Mitverf.",
      "preferredName": "Clemens I., Papst"
    },
    {
      "@id": "https://d-nb.info/gnd/11709711X",
      "relationship": "VD-16 Mitverf.",
      "preferredName": "Johannes Oekolampad"
    },
    {
      "relationship": "VD-16 Mitverf.",
      "preferredName": "Philo, aus Alexandria"
    },
    {
      "relationship": "VD-16 Mitverf.",
      "preferredName": "Rufinus, aus Aquileia"
    },
    {
      "relationship": "VD-16 Mitverf.",
      "preferredName": "Ulrich Zwingli, der A\u0308ltere"
    },
    {
      "@id": "https://d-nb.info/gnd/11690240X",
      "relationship": "VD-16 Mitverf.",
      "preferredName": "Simon Gryna\u0308us"
    },
    {
      "@id": "https://d-nb.info/gnd/118793004",
      "relationship": "VD-16 Mitverf.",
      "preferredName": "Guillaume Postel"
    }
  ],
  "depiction": {
    "@id": "https://commons.wikimedia.org/wiki/Special:FilePath/Bibliander%20Hans%20Asper.jpeg",
    "publisher": "Wikimedia Commons",
    "copyrighted": "false",
    "creator": [
      "Hans Asper"
    ],
    "creditText": [
      "Rudolf Meier, Fred Winkler: Wollishofen - Damals und heute; Niggli Verlag, Sulgen 1993"
    ],
    "license": [
      {
        "@id": "https://creativecommons.org/publicdomain/mark/1.0/",
        "abbr": "PD",
        "name": "Public Domain",
        "attributionRequired": "false",
        "restrictions": ""
      }
    ],
    "url": "https://commons.wikimedia.org/wiki/File:Bibliander%20Hans%20Asper.jpeg?uselang=en",
    "thumbnail": {
      "@id": "https://commons.wikimedia.org/wiki/Special:FilePath/Bibliander%20Hans%20Asper.jpeg?width=270"
    }
  },
  "sameAs": [
    {
      "@id": "https://d-nb.info/gnd/116170638/about",
      "collection": {
        "abbr": "DNB",
        "name": "Gemeinsame Normdatei (GND) im Katalog der Deutschen Nationalbibliothek",
        "publisher": "Deutsche Nationalbibliothek",
        "icon": "https://www.dnb.de/SiteGlobals/Frontend/DNBWeb/Images/favicon.png?__blob=normal&v=4"
      }
    },
    {
      "@id": "http://www.hls-dhs-dss.ch/textes/d/D10537.php",
      "collection": {
        "abbr": "CH_HLS",
        "name": "Historisches Lexikon der Schweiz (HLS)",
        "publisher": "Historisches Lexikon der Schweiz (HLS)",
        "icon": "https://www.hls-dhs-dss.ch/favicon.ico"
      }
    },
    {
      "@id": "https://data.judaicalink.org/data/gnd/116170638",
      "collection": {
        "abbr": "JudaicaLink",
        "name": "JudaicaLink",
        "publisher": "Stuttgart Media University",
        "icon": "https://data.judaicalink.org/static/img/favicon.ico"
      }
    },
    {
      "@id": "https://de.wikipedia.org/wiki/Theodor_Bibliander",
      "collection": {
        "abbr": "dewiki",
        "name": "Wikipedia (Deutsch)",
        "publisher": "Wikimedia Foundation Inc.",
        "icon": "https://de.wikipedia.org/static/favicon/wikipedia.ico"
      }
    },
    {
      "@id": "https://en.wikipedia.org/wiki/Theodore_Bibliander",
      "collection": {
        "abbr": "enwiki",
        "name": "Wikipedia (English)",
        "publisher": "Wikimedia Foundation Inc.",
        "icon": "https://en.wikipedia.org/static/favicon/wikipedia.ico"
      }
    },
    {
      "@id": "https://kalliope-verbund.info/gnd/116170638",
      "collection": {
        "abbr": "DE-611",
        "name": "Kalliope Verbundkatalog",
        "publisher": "Staatsbibliothek zu Berlin - Preu\u00dfischer Kulturbesitz",
        "icon": "https://kalliope-verbund.info/img/favicon.ico"
      }
    },
    {
      "@id": "https://raa.gf-franken.de/de/suche-nach-stammbucheintraegen.html?permaLink=1545_senarclens;10",
      "collection": {
        "abbr": "RAAE",
        "name": "Repertorium Alborum Amicorum (RAA) - Stammbucheintr\u00e4ge",
        "publisher": "Department Germanistik und Komparatistik der Friedrich-Alexander-Universit\u00e4t Erlangen-N\u00fcrnberg in Zusammenarbeit mit der Gesellschaft f\u00fcr Familienforschung in Franken",
        "icon": "https://www.gf-franken.de/favicon.ico"
      }
    },
    {
      "@id": "https://www.deutsche-biographie.de/pnd116170638.html#adbcontent",
      "collection": {
        "abbr": "ADB",
        "name": "Allgemeine Deutsche Biographie (ADB)",
        "publisher": "Historische Kommission bei der Bayerischen Akademie der Wissenschaften und Bayerische Staatsbibliothek",
        "icon": "https://www.deutsche-biographie.de/favicon.ico"
      }
    },
    {
      "@id": "https://www.deutsche-biographie.de/pnd116170638.html#ndbcontent",
      "collection": {
        "abbr": "NDB",
        "name": "Neue Deutsche Biographie (NDB)",
        "publisher": "Historische Kommission bei der Bayerischen Akademie der Wissenschaften und Bayerische Staatsbibliothek",
        "icon": "https://www.deutsche-biographie.de/favicon.ico"
      }
    },
    {
      "@id": "https://www.deutsche-digitale-bibliothek.de/person/gnd/116170638",
      "collection": {
        "abbr": "DDB",
        "name": "Deutsche Digitale Bibliothek",
        "publisher": "Deutsche Digitale Bibliothek",
        "icon": "https://www.deutsche-digitale-bibliothek.de/favicon.ico"
      }
    },
    {
      "@id": "https://www.portraitindex.de/dokumente/pnd/116170638",
      "collection": {
        "abbr": "Portraitindex",
        "name": "Digitaler Portraitindex der druckgraphischen Bildnisse der Fru\u0308hen Neuzeit",
        "publisher": "Deutsches Dokumentationszentrum fu\u0308r Kunstgeschichte - Bildarchiv Foto Marburg",
        "icon": "https://www.portraitindex.de/favicon.ico"
      }
    },
    {
      "@id": "http://id.loc.gov/rwo/agents/n91002076",
      "collection": {
        "abbr": "LC",
        "name": "NACO Authority File",
        "publisher": "Library of Congress",
        "icon": "https://www.loc.gov/favicon.ico"
      }
    },
    {
      "@id": "http://viaf.org/viaf/39401881",
      "collection": {
        "abbr": "VIAF",
        "name": "Virtual International Authority File (VIAF)",
        "publisher": "OCLC",
        "icon": "https://viaf.org/viaf/images/viaf.ico"
      }
    },
    {
      "@id": "http://www.wikidata.org/entity/Q115851",
      "collection": {
        "abbr": "WIKIDATA",
        "name": "Wikidata",
        "publisher": "Wikimedia Foundation Inc.",
        "icon": "https://www.wikidata.org/static/favicon/wikidata.ico"
      }
    },
    {
      "@id": "https://isni.org/isni/0000000121288494",
      "collection": {
        "abbr": "ISNI",
        "name": "International Standard Name Identifier (ISNI)",
        "publisher": "International Standard Name Identifier (ISNI)",
        "icon": "https://www.isni.org/sites/default/files/isni_new_favicon.ico"
      }
    }
  ]
}