{
  "@context": "http://hub.culturegraph.org/entityfacts/context/v1/entityfacts.jsonld",
  "@id": "https://d-nb.info/gnd/116118547",
  "describedBy": {
    "valid": "2026-05-03T14:47:21Z",
    "license": "https://creativecommons.org/publicdomain/zero/1.0/",
    "@id": "https://hub.culturegraph.org/entityfacts/116118547"
  },
  "preferredName": "Johannes Caselius",
  "surname": "Caselius",
  "forename": "Johannes",
  "@type": "person",
  "academicDegree": [
    "Prof."
  ],
  "variantName": [
    "Chessel Johann Caselius",
    "Johannes Bractus",
    "Johannes Bracht",
    "Johannes Bracht von Kessel",
    "Johann Caselius",
    "Joannes Caselius",
    "Jan Caselius",
    "Johannes Casellius",
    "Johannes Caselius, aus Go\u0308ttingen",
    "Johannes Kaselios",
    "Joannes Kaselios",
    "Joannes Casselius",
    "Ioannes Caselius",
    "Joannes Casellius",
    "Johann Casel",
    "Johannes Casa",
    "Joannes Casa",
    "Johannes Chessel",
    "Johannes Kaselius",
    "Johannes Kasselius",
    "Johannes Kesselius",
    "Io\u0304anne\u0304s Kase\u0304lios",
    "Jo\u0304annes Kaselios",
    "Io\u0304anne\u0304s Kasse\u0304lios",
    "Johannes Kessel",
    "Johannes Chesselius",
    "Johannes Casselius",
    "Joan Caselius"
  ],
  "dateOfBirth": "May 18, 1533",
  "dateOfDeath": "April 9, 1613",
  "placeOfBirth": [
    {
      "@id": "https://d-nb.info/gnd/4021477-1",
      "preferredName": "Go\u0308ttingen"
    }
  ],
  "placeOfDeath": [
    {
      "@id": "https://d-nb.info/gnd/4024344-8",
      "preferredName": "Helmstedt"
    }
  ],
  "placeOfActivity": [
    {
      "@id": "https://d-nb.info/gnd/4050610-1",
      "preferredName": "Rostock"
    },
    {
      "@id": "https://d-nb.info/gnd/4024344-8",
      "preferredName": "Helmstedt"
    }
  ],
  "associatedCountry": [
    {
      "@id": "https://d-nb.info/standards/vocab/gnd/geographic-area-code#XA-DE",
      "preferredName": "Deutschland"
    }
  ],
  "professionOrOccupation": [
    {
      "@id": "https://d-nb.info/gnd/4160777-6",
      "preferredName": "Humanist"
    },
    {
      "@id": "https://d-nb.info/gnd/4029050-5",
      "preferredName": "Jurist"
    },
    {
      "@id": "https://d-nb.info/gnd/4199241-6",
      "preferredName": "Klassischer Philologe"
    },
    {
      "@id": "https://d-nb.info/gnd/4025243-7",
      "preferredName": "Hochschullehrer"
    },
    {
      "@id": "https://d-nb.info/gnd/4046517-2",
      "preferredName": "Politiker"
    }
  ],
  "gender": {
    "@id": "https://d-nb.info/standards/vocab/gnd/gender#male",
    "label": "Mann"
  },
  "biographicalOrHistoricalInformation": "Dt. Jurist, Philologe, Humanist, Pa\u0308dagoge; Schu\u0308ler Melanchtons in Wittenberg; Professor der Philosophie und Rhetorik in Rostock und Helmstedt",
  "relatedPerson": [
    {
      "@id": "https://d-nb.info/gnd/118575228",
      "relationship": "VD-16 Mitverf.",
      "preferredName": "Lucianus, Samosatensis"
    },
    {
      "@id": "https://d-nb.info/gnd/119055538",
      "relationship": "VD-16 Mitverf.",
      "preferredName": "Nathan Chytra\u0308us"
    },
    {
      "@id": "https://d-nb.info/gnd/118637797",
      "relationship": "VD-16 Mitverf.",
      "preferredName": "Basilius, Caesariensis"
    },
    {
      "@id": "https://d-nb.info/gnd/118650130",
      "relationship": "VD-16 Mitverf.",
      "preferredName": "Aristoteles"
    },
    {
      "@id": "https://d-nb.info/gnd/118541900",
      "relationship": "VD-16 Mitverf.",
      "preferredName": "Gregorius, Nazianzenus"
    },
    {
      "@id": "https://d-nb.info/gnd/118620452",
      "relationship": "VD-16 Mitverf.",
      "preferredName": "Cornelius Tacitus"
    },
    {
      "@id": "https://d-nb.info/gnd/101761023",
      "relationship": "VD-16 Mitverf.",
      "preferredName": "Zacharias Orth"
    },
    {
      "@id": "https://d-nb.info/gnd/115850872",
      "relationship": "VD-16 Mitverf.",
      "preferredName": "Georg Meinke"
    },
    {
      "relationship": "VD-16 Mitverf.",
      "preferredName": "Johannes Nendorphius"
    },
    {
      "@id": "https://d-nb.info/gnd/11862234X",
      "relationship": "VD-16 Mitverf.",
      "preferredName": "Thucydides"
    }
  ],
  "familialRelationship": [
    {
      "@id": "https://d-nb.info/gnd/134125878",
      "relationship": "Vater",
      "preferredName": "Matthias Caselius"
    },
    {
      "@id": "https://d-nb.info/gnd/1240518498",
      "relationship": "Ehefrau",
      "preferredName": "Gertrud Caselius"
    },
    {
      "@id": "https://d-nb.info/gnd/115809139",
      "relationship": "Sohn",
      "preferredName": "Johann Ulrich Caselius"
    },
    {
      "@id": "https://d-nb.info/gnd/115627197",
      "relationship": "Sohn",
      "preferredName": "Johann Carl Caselius"
    },
    {
      "@id": "https://d-nb.info/gnd/121341062",
      "relationship": "Tochter",
      "preferredName": "Margarita Adami"
    }
  ],
  "depiction": {
    "@id": "https://commons.wikimedia.org/wiki/Special:FilePath/Johannes%20Caselius%20%281533-1613%29.jpg",
    "publisher": "Wikimedia Commons",
    "copyrighted": "false",
    "creator": [
      "J.M.B. Lips. fecit"
    ],
    "creditText": [
      "http://digital.ub.uni-duesseldorf.de/image/view/1608418?w=1400"
    ],
    "license": [
      {
        "@id": "https://creativecommons.org/publicdomain/mark/1.0/",
        "abbr": "PD",
        "name": "Public Domain",
        "attributionRequired": "false",
        "restrictions": ""
      }
    ],
    "url": "https://commons.wikimedia.org/wiki/File:Johannes%20Caselius%20%281533-1613%29.jpg?uselang=en",
    "thumbnail": {
      "@id": "https://commons.wikimedia.org/wiki/Special:FilePath/Johannes%20Caselius%20%281533-1613%29.jpg?width=270"
    }
  },
  "sameAs": [
    {
      "@id": "https://d-nb.info/gnd/116118547/about",
      "collection": {
        "abbr": "DNB",
        "name": "Gemeinsame Normdatei (GND) im Katalog der Deutschen Nationalbibliothek",
        "publisher": "Deutsche Nationalbibliothek",
        "icon": "https://www.dnb.de/SiteGlobals/Frontend/DNBWeb/Images/favicon.png?__blob=normal&v=4"
      }
    },
    {
      "@id": "https://cpr.uni-rostock.de/resolve/gnd/116118547",
      "collection": {
        "abbr": "DE-28",
        "name": "Catalogus Professorum Rostochiensium (CPR)",
        "publisher": "Forschungsstelle Universita\u0308tsgeschichte Rostock"
      }
    },
    {
      "@id": "https://de.wikipedia.org/wiki/Johannes_Caselius",
      "collection": {
        "abbr": "dewiki",
        "name": "Wikipedia (Deutsch)",
        "publisher": "Wikimedia Foundation Inc.",
        "icon": "https://de.wikipedia.org/static/favicon/wikipedia.ico"
      }
    },
    {
      "@id": "https://kalliope-verbund.info/gnd/116118547",
      "collection": {
        "abbr": "DE-611",
        "name": "Kalliope Verbundkatalog",
        "publisher": "Staatsbibliothek zu Berlin - Preu\u00dfischer Kulturbesitz",
        "icon": "https://kalliope-verbund.info/img/favicon.ico"
      }
    },
    {
      "@id": "https://raa.gf-franken.de/de/suche-nach-stammbucheintraegen.html?permaLink=1604_koch;6",
      "collection": {
        "abbr": "RAAE",
        "name": "Repertorium Alborum Amicorum (RAA) - Stammbucheintr\u00e4ge",
        "publisher": "Department Germanistik und Komparatistik der Friedrich-Alexander-Universit\u00e4t Erlangen-N\u00fcrnberg in Zusammenarbeit mit der Gesellschaft f\u00fcr Familienforschung in Franken",
        "icon": "https://www.gf-franken.de/favicon.ico"
      }
    },
    {
      "@id": "https://raa.gf-franken.de/de/suche-nach-stammbucheintraegen.html?permaLink=1604_olai;37",
      "collection": {
        "abbr": "RAAE",
        "name": "Repertorium Alborum Amicorum (RAA) - Stammbucheintr\u00e4ge",
        "publisher": "Department Germanistik und Komparatistik der Friedrich-Alexander-Universit\u00e4t Erlangen-N\u00fcrnberg in Zusammenarbeit mit der Gesellschaft f\u00fcr Familienforschung in Franken",
        "icon": "https://www.gf-franken.de/favicon.ico"
      }
    },
    {
      "@id": "https://www.deutsche-biographie.de/pnd116118547.html#adbcontent",
      "collection": {
        "abbr": "ADB",
        "name": "Allgemeine Deutsche Biographie (ADB)",
        "publisher": "Historische Kommission bei der Bayerischen Akademie der Wissenschaften und Bayerische Staatsbibliothek",
        "icon": "https://www.deutsche-biographie.de/favicon.ico"
      }
    },
    {
      "@id": "https://www.deutsche-biographie.de/pnd116118547.html#ndbcontent",
      "collection": {
        "abbr": "NDB",
        "name": "Neue Deutsche Biographie (NDB)",
        "publisher": "Historische Kommission bei der Bayerischen Akademie der Wissenschaften und Bayerische Staatsbibliothek",
        "icon": "https://www.deutsche-biographie.de/favicon.ico"
      }
    },
    {
      "@id": "https://www.deutsche-digitale-bibliothek.de/person/gnd/116118547",
      "collection": {
        "abbr": "DDB",
        "name": "Deutsche Digitale Bibliothek",
        "publisher": "Deutsche Digitale Bibliothek",
        "icon": "https://www.deutsche-digitale-bibliothek.de/favicon.ico"
      }
    },
    {
      "@id": "https://www.portraitindex.de/dokumente/pnd/116118547",
      "collection": {
        "abbr": "Portraitindex",
        "name": "Digitaler Portraitindex der druckgraphischen Bildnisse der Fru\u0308hen Neuzeit",
        "publisher": "Deutsches Dokumentationszentrum fu\u0308r Kunstgeschichte - Bildarchiv Foto Marburg",
        "icon": "https://www.portraitindex.de/favicon.ico"
      }
    },
    {
      "@id": "http://id.loc.gov/rwo/agents/nr93015785",
      "collection": {
        "abbr": "LC",
        "name": "NACO Authority File",
        "publisher": "Library of Congress",
        "icon": "https://www.loc.gov/favicon.ico"
      }
    },
    {
      "@id": "http://viaf.org/viaf/25345310",
      "collection": {
        "abbr": "VIAF",
        "name": "Virtual International Authority File (VIAF)",
        "publisher": "OCLC",
        "icon": "https://viaf.org/viaf/images/viaf.ico"
      }
    },
    {
      "@id": "http://www.wikidata.org/entity/Q96188",
      "collection": {
        "abbr": "WIKIDATA",
        "name": "Wikidata",
        "publisher": "Wikimedia Foundation Inc.",
        "icon": "https://www.wikidata.org/static/favicon/wikidata.ico"
      }
    },
    {
      "@id": "https://isni.org/isni/0000000121248783",
      "collection": {
        "abbr": "ISNI",
        "name": "International Standard Name Identifier (ISNI)",
        "publisher": "International Standard Name Identifier (ISNI)",
        "icon": "https://www.isni.org/sites/default/files/isni_new_favicon.ico"
      }
    }
  ]
}