{
  "@context": "http://hub.culturegraph.org/entityfacts/context/v1/entityfacts.jsonld",
  "@id": "https://d-nb.info/gnd/115801774",
  "describedBy": {
    "valid": "2026-04-29T03:18:56Z",
    "license": "https://creativecommons.org/publicdomain/zero/1.0/",
    "@id": "https://hub.culturegraph.org/entityfacts/115801774"
  },
  "preferredName": "Johann Jacob Leibnitz",
  "surname": "Leibnitz",
  "forename": "Johann Jacob",
  "@type": "person",
  "academicDegree": [
    "Dr. theol."
  ],
  "variantName": [
    "Johan Jacob Leibnitz",
    "Johannes Jacobus Leibnitzius",
    "Jacobus Leibnitzius",
    "Johannes Jacobus Leibnizius",
    "Johann Jacob Leibniz",
    "Johann Jakob Leibnitz",
    "Johann Jakob Leibniz",
    "Johannes Jacob Leibnitz",
    "Johannes Jacob Leibniz",
    "Johannes Jakob Leibnitz",
    "Johannes Jakob Leibniz",
    "Johannes J. Leibnitzius",
    "Johann J. Leibnizius",
    "Johann J. Leibniz"
  ],
  "dateOfBirth": "May 29, 1653",
  "dateOfDeath": "October 28, 1705",
  "placeOfBirth": [
    {
      "@id": "https://d-nb.info/gnd/4042742-0",
      "preferredName": "Nu\u0308rnberg"
    }
  ],
  "placeOfDeath": [
    {
      "@id": "https://d-nb.info/gnd/4057648-6",
      "preferredName": "Stockholm"
    }
  ],
  "associatedCountry": [
    {
      "@id": "https://d-nb.info/standards/vocab/gnd/geographic-area-code#XA-DE",
      "preferredName": "Deutschland"
    }
  ],
  "professionOrOccupation": [
    {
      "@id": "https://d-nb.info/gnd/4132592-8",
      "preferredName": "Pfarrer"
    },
    {
      "@id": "https://d-nb.info/gnd/1041366884",
      "preferredName": "Lutherischer Theologe"
    }
  ],
  "gender": {
    "@id": "https://d-nb.info/standards/vocab/gnd/gender#male",
    "label": "Mann"
  },
  "biographicalOrHistoricalInformation": "1671 Student in Altdorf, 1676 in Leipzig; 1679 in Altdorf ordiniert; Diakon in Nu\u0308rnberg (1679-1683 St. Aegidien und 1683-1688 St. Sebald); 1690 Pastor und Superintendent in E\u00dflingen; Nov. 1694 Dr. theol. in Tu\u0308bingen; ab 1694 in Stockholm, ab 1696 Pastor der Deutschen Gemeinde in Stockholm",
  "familialRelationship": [
    {
      "@id": "https://d-nb.info/gnd/116877537",
      "relationship": "Vater",
      "preferredName": "Justus Jacob Leibnitz"
    },
    {
      "@id": "https://d-nb.info/gnd/131340204",
      "relationship": "Sohn",
      "preferredName": "Justus Jacob Leibnitz"
    }
  ],
  "sameAs": [
    {
      "@id": "https://d-nb.info/gnd/115801774/about",
      "collection": {
        "abbr": "DNB",
        "name": "Gemeinsame Normdatei (GND) im Katalog der Deutschen Nationalbibliothek",
        "publisher": "Deutsche Nationalbibliothek",
        "icon": "https://www.dnb.de/SiteGlobals/Frontend/DNBWeb/Images/favicon.png?__blob=normal&v=4"
      }
    },
    {
      "@id": "https://kalliope-verbund.info/gnd/115801774",
      "collection": {
        "abbr": "DE-611",
        "name": "Kalliope Verbundkatalog",
        "publisher": "Staatsbibliothek zu Berlin - Preu\u00dfischer Kulturbesitz",
        "icon": "https://kalliope-verbund.info/img/favicon.ico"
      }
    },
    {
      "@id": "https://raa.gf-franken.de/de/suche-nach-stammbucheintraegen.html?permaLink=1652_benz;379",
      "collection": {
        "abbr": "RAAE",
        "name": "Repertorium Alborum Amicorum (RAA) - Stammbucheintr\u00e4ge",
        "publisher": "Department Germanistik und Komparatistik der Friedrich-Alexander-Universit\u00e4t Erlangen-N\u00fcrnberg in Zusammenarbeit mit der Gesellschaft f\u00fcr Familienforschung in Franken",
        "icon": "https://www.gf-franken.de/favicon.ico"
      }
    },
    {
      "@id": "https://www.deutsche-digitale-bibliothek.de/person/gnd/115801774",
      "collection": {
        "abbr": "DDB",
        "name": "Deutsche Digitale Bibliothek",
        "publisher": "Deutsche Digitale Bibliothek",
        "icon": "https://www.deutsche-digitale-bibliothek.de/favicon.ico"
      }
    },
    {
      "@id": "https://www.portraitindex.de/dokumente/pnd/115801774",
      "collection": {
        "abbr": "Portraitindex",
        "name": "Digitaler Portraitindex der druckgraphischen Bildnisse der Fru\u0308hen Neuzeit",
        "publisher": "Deutsches Dokumentationszentrum fu\u0308r Kunstgeschichte - Bildarchiv Foto Marburg",
        "icon": "https://www.portraitindex.de/favicon.ico"
      }
    },
    {
      "@id": "http://viaf.org/viaf/25339772",
      "collection": {
        "abbr": "VIAF",
        "name": "Virtual International Authority File (VIAF)",
        "publisher": "OCLC",
        "icon": "https://viaf.org/viaf/images/viaf.ico"
      }
    },
    {
      "@id": "http://www.wikidata.org/entity/Q55901596",
      "collection": {
        "abbr": "WIKIDATA",
        "name": "Wikidata",
        "publisher": "Wikimedia Foundation Inc.",
        "icon": "https://www.wikidata.org/static/favicon/wikidata.ico"
      }
    },
    {
      "@id": "https://isni.org/isni/0000000122095256",
      "collection": {
        "abbr": "ISNI",
        "name": "International Standard Name Identifier (ISNI)",
        "publisher": "International Standard Name Identifier (ISNI)",
        "icon": "https://www.isni.org/sites/default/files/isni_new_favicon.ico"
      }
    }
  ]
}