{
  "@context": "http://hub.culturegraph.org/entityfacts/context/v1/entityfacts.jsonld",
  "@id": "https://d-nb.info/gnd/115672060",
  "describedBy": {
    "valid": "2026-04-29T19:30:03Z",
    "license": "https://creativecommons.org/publicdomain/zero/1.0/",
    "@id": "https://hub.culturegraph.org/entityfacts/115672060"
  },
  "preferredName": "Janus Gruterus",
  "surname": "Gruterus",
  "forename": "Janus",
  "@type": "person",
  "variantName": [
    "Janus de LaGruytere",
    "Jean Gruter",
    "Gruterus",
    "Ranutius Gherum",
    "Rhanutius Gerus",
    "Ioannes Gualterius",
    "Johann Walter",
    "Eustath. Su. P.",
    "Cl. Gruterus",
    "Johannes Gruterus",
    "I. Gruterus",
    "J. Gruterus",
    "Janus Gruyter",
    "Jan de Gruytere",
    "Janus Gruyte\u0300re",
    "A. F. G. G.",
    "Ianus Gruterus",
    "Joannes Gualterius",
    "Johannes Gvalterius",
    "Jan Gruutere",
    "Jan Gruter",
    "Giano Gruter",
    "Janus de Gruutere",
    "Janus de Gruyter",
    "Janus Gruter",
    "Jean Gruyte\u0300re",
    "Johannes Gualterius",
    "Christoph Pflug",
    "Christopherus Pflugius",
    "Christophorus Pflugius",
    "Ranutius Gerus",
    "Ranutius Gherus, Pseudonym von Janus Gruterus",
    "Johannes Gualtherius, Pseudonym von Janus Gruterus",
    "Johanne Gualterio Belga, Pseudonym von Janus Gruterus"
  ],
  "pseudonym": [
    {
      "preferredName": "Johanne Gualterio Belga"
    },
    {
      "preferredName": "Ranutio Ghero"
    },
    {
      "preferredName": "Ranutius Gherus"
    },
    {
      "preferredName": "Johannes Gualtherius"
    },
    {
      "preferredName": "Rhanutius Gherus"
    }
  ],
  "dateOfBirth": "December 3, 1560",
  "dateOfDeath": "September 10, 1627",
  "placeOfBirth": [
    {
      "@id": "https://d-nb.info/gnd/4002364-3",
      "preferredName": "Antwerpen"
    }
  ],
  "placeOfActivity": [
    {
      "@id": "https://d-nb.info/gnd/4066640-2",
      "preferredName": "Wittenberg"
    },
    {
      "@id": "https://d-nb.info/gnd/4023996-2",
      "preferredName": "Heidelberg"
    }
  ],
  "associatedCountry": [
    {
      "@id": "https://d-nb.info/standards/vocab/gnd/geographic-area-code#XA-NL",
      "preferredName": "Niederlande"
    },
    {
      "@id": "https://d-nb.info/standards/vocab/gnd/geographic-area-code#XA-BE",
      "preferredName": "Belgien"
    },
    {
      "@id": "https://d-nb.info/standards/vocab/gnd/geographic-area-code#XA-DE",
      "preferredName": "Deutschland"
    }
  ],
  "professionOrOccupation": [
    {
      "@id": "https://d-nb.info/gnd/4145258-6",
      "preferredName": "Bibliothekar"
    },
    {
      "@id": "https://d-nb.info/gnd/4053309-8",
      "preferredName": "Schriftsteller"
    },
    {
      "@id": "https://d-nb.info/gnd/4199236-2",
      "preferredName": "Philologe"
    },
    {
      "@id": "https://d-nb.info/gnd/4025098-2",
      "preferredName": "Historiker"
    },
    {
      "@id": "https://d-nb.info/gnd/4029050-5",
      "preferredName": "Jurist"
    },
    {
      "@id": "https://d-nb.info/gnd/4025243-7",
      "preferredName": "Hochschullehrer"
    }
  ],
  "gender": {
    "@id": "https://d-nb.info/standards/vocab/gnd/gender#male",
    "label": "Mann"
  },
  "biographicalOrHistoricalInformation": "Niederla\u0308nd. Dichter, Jurist, Philologe, Historiker; Professor in Wittenberg; Bibliothekar in Heidelberg",
  "affiliation": [
    {
      "@id": "https://d-nb.info/gnd/18994-7",
      "preferredName": "Universita\u0308t Wittenberg"
    }
  ],
  "relatedPerson": [
    {
      "relationship": "VD-16 Mitverf.",
      "preferredName": "Lucius Annaeus Seneca, der Ju\u0308ngere"
    },
    {
      "@id": "https://d-nb.info/gnd/131502301",
      "relationship": "VD-16 Mitverf.",
      "preferredName": "Johannes Baptista Pontanus"
    },
    {
      "@id": "https://d-nb.info/gnd/128916737",
      "relationship": "VD-16 Mitverf.",
      "preferredName": "Lorenz Schrader"
    },
    {
      "relationship": "VD-16 Mitverf.",
      "preferredName": "Paul Schede"
    },
    {
      "@id": "https://d-nb.info/gnd/124946720",
      "relationship": "VD-16 Mitverf.",
      "preferredName": "Stanis\u0142aw Warszewicki"
    },
    {
      "@id": "https://d-nb.info/gnd/119651491",
      "relationship": "VD-16 Mitverf.",
      "preferredName": "P. Daniel"
    },
    {
      "@id": "https://d-nb.info/gnd/119245868",
      "relationship": "VD-16 Mitverf.",
      "preferredName": "William Camden"
    },
    {
      "@id": "https://d-nb.info/gnd/124770878",
      "relationship": "VD-16 Mitverf.",
      "preferredName": "Theodor Poelmann"
    },
    {
      "relationship": "VD-16 Mitverf.",
      "preferredName": "Tobias Scultetus"
    },
    {
      "relationship": "VD-16 Mitverf.",
      "preferredName": "Denis Godefroy"
    }
  ],
  "depiction": {
    "@id": "https://commons.wikimedia.org/wiki/Special:FilePath/Jan%20Gruter%20-%20Imagines%20philologorum.jpg",
    "publisher": "Wikimedia Commons",
    "copyrighted": "false",
    "creator": [
      ""
    ],
    "creditText": [
      "http://www.telemachos.hu-berlin.de/bilder/gudeman/gudeman.html"
    ],
    "license": [
      {
        "@id": "https://creativecommons.org/publicdomain/mark/1.0/",
        "abbr": "PD",
        "name": "Public Domain",
        "attributionRequired": "false",
        "restrictions": ""
      }
    ],
    "url": "https://commons.wikimedia.org/wiki/File:Jan%20Gruter%20-%20Imagines%20philologorum.jpg?uselang=en",
    "thumbnail": {
      "@id": "https://commons.wikimedia.org/wiki/Special:FilePath/Jan%20Gruter%20-%20Imagines%20philologorum.jpg?width=270"
    }
  },
  "sameAs": [
    {
      "@id": "https://d-nb.info/gnd/115672060/about",
      "collection": {
        "abbr": "DNB",
        "name": "Gemeinsame Normdatei (GND) im Katalog der Deutschen Nationalbibliothek",
        "publisher": "Deutsche Nationalbibliothek",
        "icon": "https://www.dnb.de/SiteGlobals/Frontend/DNBWeb/Images/favicon.png?__blob=normal&v=4"
      }
    },
    {
      "@id": "https://de.wikipedia.org/wiki/Jan_Gruter",
      "collection": {
        "abbr": "dewiki",
        "name": "Wikipedia (Deutsch)",
        "publisher": "Wikimedia Foundation Inc.",
        "icon": "https://de.wikipedia.org/static/favicon/wikipedia.ico"
      }
    },
    {
      "@id": "https://en.wikipedia.org/wiki/Jan_Gruter",
      "collection": {
        "abbr": "enwiki",
        "name": "Wikipedia (English)",
        "publisher": "Wikimedia Foundation Inc.",
        "icon": "https://en.wikipedia.org/static/favicon/wikipedia.ico"
      }
    },
    {
      "@id": "https://kalliope-verbund.info/gnd/115672060",
      "collection": {
        "abbr": "DE-611",
        "name": "Kalliope Verbundkatalog",
        "publisher": "Staatsbibliothek zu Berlin - Preu\u00dfischer Kulturbesitz",
        "icon": "https://kalliope-verbund.info/img/favicon.ico"
      }
    },
    {
      "@id": "https://raa.gf-franken.de/de/suche-nach-stammbucheintraegen.html?permaLink=1585_keyser;12",
      "collection": {
        "abbr": "RAAE",
        "name": "Repertorium Alborum Amicorum (RAA) - Stammbucheintr\u00e4ge",
        "publisher": "Department Germanistik und Komparatistik der Friedrich-Alexander-Universit\u00e4t Erlangen-N\u00fcrnberg in Zusammenarbeit mit der Gesellschaft f\u00fcr Familienforschung in Franken",
        "icon": "https://www.gf-franken.de/favicon.ico"
      }
    },
    {
      "@id": "https://raa.gf-franken.de/de/suche-nach-stammbucheintraegen.html?permaLink=1590_naborowski;26",
      "collection": {
        "abbr": "RAAE",
        "name": "Repertorium Alborum Amicorum (RAA) - Stammbucheintr\u00e4ge",
        "publisher": "Department Germanistik und Komparatistik der Friedrich-Alexander-Universit\u00e4t Erlangen-N\u00fcrnberg in Zusammenarbeit mit der Gesellschaft f\u00fcr Familienforschung in Franken",
        "icon": "https://www.gf-franken.de/favicon.ico"
      }
    },
    {
      "@id": "https://raa.gf-franken.de/de/suche-nach-stammbuechern.html?permaLink=1580_gruter",
      "collection": {
        "abbr": "RAAS",
        "name": "Repertorium Alborum Amicorum (RAA) - Stammb\u00fccher",
        "publisher": "Department Germanistik und Komparatistik der Friedrich-Alexander-Universit\u00e4t Erlangen-N\u00fcrnberg in Zusammenarbeit mit der Gesellschaft f\u00fcr Familienforschung in Franken",
        "icon": "https://www.gf-franken.de/favicon.ico"
      }
    },
    {
      "@id": "https://raa.gf-franken.de/de/suche-nach-stammbuechern.html?permaLink=1582_gruter",
      "collection": {
        "abbr": "RAAS",
        "name": "Repertorium Alborum Amicorum (RAA) - Stammb\u00fccher",
        "publisher": "Department Germanistik und Komparatistik der Friedrich-Alexander-Universit\u00e4t Erlangen-N\u00fcrnberg in Zusammenarbeit mit der Gesellschaft f\u00fcr Familienforschung in Franken",
        "icon": "https://www.gf-franken.de/favicon.ico"
      }
    },
    {
      "@id": "https://www.archivportal-d.de/person/gnd/115672060",
      "collection": {
        "abbr": "ARCHIV-D",
        "name": "Archivportal-D",
        "publisher": "Deutsche Digitale Bibliothek",
        "icon": "https://www.archivportal-d.de/favicon.ico"
      }
    },
    {
      "@id": "https://www.deutsche-biographie.de/pnd115672060.html#adbcontent",
      "collection": {
        "abbr": "ADB",
        "name": "Allgemeine Deutsche Biographie (ADB)",
        "publisher": "Historische Kommission bei der Bayerischen Akademie der Wissenschaften und Bayerische Staatsbibliothek",
        "icon": "https://www.deutsche-biographie.de/favicon.ico"
      }
    },
    {
      "@id": "https://www.deutsche-biographie.de/pnd115672060.html#ndbcontent",
      "collection": {
        "abbr": "NDB",
        "name": "Neue Deutsche Biographie (NDB)",
        "publisher": "Historische Kommission bei der Bayerischen Akademie der Wissenschaften und Bayerische Staatsbibliothek",
        "icon": "https://www.deutsche-biographie.de/favicon.ico"
      }
    },
    {
      "@id": "https://www.deutsche-digitale-bibliothek.de/person/gnd/115672060",
      "collection": {
        "abbr": "DDB",
        "name": "Deutsche Digitale Bibliothek",
        "publisher": "Deutsche Digitale Bibliothek",
        "icon": "https://www.deutsche-digitale-bibliothek.de/favicon.ico"
      }
    },
    {
      "@id": "https://www.portraitindex.de/dokumente/pnd/115672060",
      "collection": {
        "abbr": "Portraitindex",
        "name": "Digitaler Portraitindex der druckgraphischen Bildnisse der Fru\u0308hen Neuzeit",
        "publisher": "Deutsches Dokumentationszentrum fu\u0308r Kunstgeschichte - Bildarchiv Foto Marburg",
        "icon": "https://www.portraitindex.de/favicon.ico"
      }
    },
    {
      "@id": "http://id.loc.gov/rwo/agents/n85112413",
      "collection": {
        "abbr": "LC",
        "name": "NACO Authority File",
        "publisher": "Library of Congress",
        "icon": "https://www.loc.gov/favicon.ico"
      }
    },
    {
      "@id": "http://viaf.org/viaf/61599137",
      "collection": {
        "abbr": "VIAF",
        "name": "Virtual International Authority File (VIAF)",
        "publisher": "OCLC",
        "icon": "https://viaf.org/viaf/images/viaf.ico"
      }
    },
    {
      "@id": "http://www.wikidata.org/entity/Q64263",
      "collection": {
        "abbr": "WIKIDATA",
        "name": "Wikidata",
        "publisher": "Wikimedia Foundation Inc.",
        "icon": "https://www.wikidata.org/static/favicon/wikidata.ico"
      }
    },
    {
      "@id": "https://isni.org/isni/0000000109072252",
      "collection": {
        "abbr": "ISNI",
        "name": "International Standard Name Identifier (ISNI)",
        "publisher": "International Standard Name Identifier (ISNI)",
        "icon": "https://www.isni.org/sites/default/files/isni_new_favicon.ico"
      }
    }
  ]
}