{
  "@context": "http://hub.culturegraph.org/entityfacts/context/v1/entityfacts.jsonld",
  "@id": "https://d-nb.info/gnd/11558501X",
  "describedBy": {
    "valid": "2026-04-29T10:57:50Z",
    "license": "https://creativecommons.org/publicdomain/zero/1.0/",
    "@id": "https://hub.culturegraph.org/entityfacts/11558501X"
  },
  "preferredName": "Johann Hohenstein",
  "surname": "Hohenstein",
  "forename": "Johann",
  "@type": "person",
  "variantName": [
    "Johannes Hoenstein",
    "Johann Hoenstein",
    "Johannes Hohenstein",
    "Johannes Hoensteinius",
    "Johannes Hohensteinius",
    "Iohannes Hoenstein",
    "Joannes Hoensteinius",
    "Johannes Hohenstenius"
  ],
  "dateOfBirth": "May 28, 1567",
  "dateOfDeath": "August 11, 1631",
  "placeOfBirth": [
    {
      "@id": "https://d-nb.info/gnd/4010676-7",
      "preferredName": "Crailsheim"
    }
  ],
  "placeOfActivity": [
    {
      "@id": "https://d-nb.info/gnd/4002170-1",
      "preferredName": "Ansbach"
    }
  ],
  "associatedCountry": [
    {
      "@id": "https://d-nb.info/standards/vocab/gnd/geographic-area-code#XA-DE",
      "preferredName": "Deutschland"
    }
  ],
  "professionOrOccupation": [
    {
      "@id": "https://d-nb.info/gnd/4139103-2",
      "preferredName": "Rat"
    }
  ],
  "gender": {
    "@id": "https://d-nb.info/standards/vocab/gnd/gender#male",
    "label": "Mann"
  },
  "biographicalOrHistoricalInformation": "Dt. Jurist und Poet; 1592 Magister in Tu\u0308bingen; 1596 Poeta laureatus in Heidelberg; 1597 Dr. jur. in Basel; Ehegerichts-Pra\u0308sident und Vizekonsistorial-Pra\u0308sident in Ansbach. - Advokat und Rat am Hof von Georg Friedrich I.",
  "relatedPerson": [
    {
      "relationship": "Nu\u0308rnberg; VD-16 Mitverf.",
      "preferredName": "Johannes Faber"
    },
    {
      "relationship": "VD-16 Mitverf.",
      "preferredName": "Denis Godefroy"
    },
    {
      "relationship": "VD-16 Mitverf.",
      "preferredName": "Pantaleon Wei\u00df"
    },
    {
      "@id": "https://d-nb.info/gnd/116653884",
      "relationship": "VD-16 Mitverf.",
      "preferredName": "Philipp Glaser"
    },
    {
      "@id": "https://d-nb.info/gnd/100547133",
      "relationship": "VD-16 Mitverf.",
      "preferredName": "Conrad Lejus"
    },
    {
      "@id": "https://d-nb.info/gnd/129190470",
      "relationship": "VD-16 Mitverf.",
      "preferredName": "Johannes Baptista Lenccius"
    },
    {
      "@id": "https://d-nb.info/gnd/10023044X",
      "relationship": "VD-16 Mitverf.",
      "preferredName": "Bernhard Praetorius"
    },
    {
      "@id": "https://d-nb.info/gnd/119625318",
      "relationship": "VD-16 Mitverf.",
      "preferredName": "David Bokel"
    },
    {
      "@id": "https://d-nb.info/gnd/11743535X",
      "relationship": "VD-16 Mitverf.",
      "preferredName": "Michael Virdung"
    },
    {
      "@id": "https://d-nb.info/gnd/104267186",
      "relationship": "VD-16 Mitverf.",
      "preferredName": "Georg Reimann"
    },
    {
      "@id": "https://d-nb.info/gnd/118958410",
      "preferredName": "Georg Friedrich I., Brandenburg-Ansbach, Markgraf"
    }
  ],
  "sameAs": [
    {
      "@id": "https://d-nb.info/gnd/11558501X/about",
      "collection": {
        "abbr": "DNB",
        "name": "Gemeinsame Normdatei (GND) im Katalog der Deutschen Nationalbibliothek",
        "publisher": "Deutsche Nationalbibliothek",
        "icon": "https://www.dnb.de/SiteGlobals/Frontend/DNBWeb/Images/favicon.png?__blob=normal&v=4"
      }
    },
    {
      "@id": "https://raa.gf-franken.de/de/suche-nach-stammbuechern.html?permaLink=1592_hoenstein",
      "collection": {
        "abbr": "RAAS",
        "name": "Repertorium Alborum Amicorum (RAA) - Stammb\u00fccher",
        "publisher": "Department Germanistik und Komparatistik der Friedrich-Alexander-Universit\u00e4t Erlangen-N\u00fcrnberg in Zusammenarbeit mit der Gesellschaft f\u00fcr Familienforschung in Franken",
        "icon": "https://www.gf-franken.de/favicon.ico"
      }
    },
    {
      "@id": "https://raa.gf-franken.de/de/suche-nach-stammbuechern.html?permaLink=1595_hoenstein",
      "collection": {
        "abbr": "RAAS",
        "name": "Repertorium Alborum Amicorum (RAA) - Stammb\u00fccher",
        "publisher": "Department Germanistik und Komparatistik der Friedrich-Alexander-Universit\u00e4t Erlangen-N\u00fcrnberg in Zusammenarbeit mit der Gesellschaft f\u00fcr Familienforschung in Franken",
        "icon": "https://www.gf-franken.de/favicon.ico"
      }
    },
    {
      "@id": "https://www.deutsche-digitale-bibliothek.de/person/gnd/11558501X",
      "collection": {
        "abbr": "DDB",
        "name": "Deutsche Digitale Bibliothek",
        "publisher": "Deutsche Digitale Bibliothek",
        "icon": "https://www.deutsche-digitale-bibliothek.de/favicon.ico"
      }
    },
    {
      "@id": "http://viaf.org/viaf/72126534",
      "collection": {
        "abbr": "VIAF",
        "name": "Virtual International Authority File (VIAF)",
        "publisher": "OCLC",
        "icon": "https://viaf.org/viaf/images/viaf.ico"
      }
    },
    {
      "@id": "http://www.wikidata.org/entity/Q137310491",
      "collection": {
        "abbr": "WIKIDATA",
        "name": "Wikidata",
        "publisher": "Wikimedia Foundation Inc.",
        "icon": "https://www.wikidata.org/static/favicon/wikidata.ico"
      }
    }
  ]
}