{
  "@context": "http://hub.culturegraph.org/entityfacts/context/v1/entityfacts.jsonld",
  "@id": "https://d-nb.info/gnd/115394982",
  "describedBy": {
    "valid": "2026-04-27T13:47:03Z",
    "license": "https://creativecommons.org/publicdomain/zero/1.0/",
    "@id": "https://hub.culturegraph.org/entityfacts/115394982"
  },
  "preferredName": "Johann Micraelius",
  "surname": "Micraelius",
  "forename": "Johann",
  "@type": "person",
  "academicDegree": [
    "Prof. Dr. theol."
  ],
  "variantName": [
    "Johann Lu\u0308tkeschwager",
    "Iohannes Micraelius",
    "Johann Micrelius",
    "Johannes Micrelius",
    "J. M.",
    "Joh. Micraelius",
    "J. Micraelius",
    "J. Micrael",
    "Joh. Micr.",
    "J. Micr.",
    "J. M.",
    "Johann Friedrich Micraelius",
    "Johannes Micraelius",
    "Johannes Lu\u0308tkeschwager",
    "Johann Micra\u0308lius"
  ],
  "pseudonym": [
    {
      "preferredName": "Philalethes Parrhesiastes"
    },
    {
      "preferredName": "Philalethes Parrhesiastes"
    }
  ],
  "realIdentity": [
    {
      "preferredName": "Johannes Lu\u0308tkeschwager"
    }
  ],
  "dateOfBirth": "September 1, 1597",
  "dateOfDeath": "December 3, 1658",
  "placeOfBirth": [
    {
      "@id": "https://d-nb.info/gnd/4031607-5",
      "preferredName": "Ko\u0308slin"
    }
  ],
  "placeOfDeath": [
    {
      "@id": "https://d-nb.info/gnd/4057392-8",
      "preferredName": "Stettin"
    }
  ],
  "placeOfActivity": [
    {
      "@id": "https://d-nb.info/gnd/4057392-8",
      "preferredName": "Stettin"
    },
    {
      "@id": "https://d-nb.info/gnd/4021965-3",
      "preferredName": "Greifswald"
    }
  ],
  "associatedCountry": [
    {
      "@id": "https://d-nb.info/standards/vocab/gnd/geographic-area-code#XA-DE",
      "preferredName": "Deutschland"
    }
  ],
  "professionOrOccupation": [
    {
      "@id": "https://d-nb.info/gnd/4015882-2",
      "preferredName": "Evangelischer Theologe"
    },
    {
      "@id": "https://d-nb.info/gnd/4045790-4",
      "preferredName": "Philosoph"
    },
    {
      "@id": "https://d-nb.info/gnd/4025098-2",
      "preferredName": "Historiker"
    },
    {
      "@id": "https://d-nb.info/gnd/4053309-8",
      "preferredName": "Schriftsteller"
    },
    {
      "@id": "https://d-nb.info/gnd/4158589-6",
      "preferredName": "Gymnasiallehrer"
    },
    {
      "@id": "https://d-nb.info/gnd/4199252-0",
      "preferredName": "Rektor"
    },
    {
      "@id": "https://d-nb.info/gnd/4025243-7",
      "preferredName": "Hochschullehrer"
    },
    {
      "preferredName": "Rektor des Gymnasiums in Stettin"
    },
    {
      "preferredName": "Geschichtsschreiber"
    },
    {
      "@id": "https://d-nb.info/gnd/4140241-8",
      "preferredName": "Dramatiker"
    }
  ],
  "gender": {
    "@id": "https://d-nb.info/standards/vocab/gnd/gender#male",
    "label": "Mann"
  },
  "biographicalOrHistoricalInformation": "Deutscher Dichter, lutherischer Theologe, Philosoph, Pa\u0308dagoge und Historiker; Professor am Pa\u0308dagogium und 1627 Rektor der Ratsschule in Stettin, 1641 Rektor des Pa\u0308dagogiums; 1656 Prokanzler an der Univ. Greifswald",
  "familialRelationship": [
    {
      "@id": "https://d-nb.info/gnd/13045768X",
      "relationship": "erste Ehefrau",
      "preferredName": "Sophrosyna Micraelius"
    },
    {
      "@id": "https://d-nb.info/gnd/1396511709",
      "relationship": "zweite Ehefrau",
      "preferredName": "Sophie Reutz"
    },
    {
      "@id": "https://d-nb.info/gnd/1151332577",
      "relationship": "dritte Ehefrau",
      "preferredName": "Catharina Micraelius"
    },
    {
      "@id": "https://d-nb.info/gnd/121676250",
      "relationship": "Sohn",
      "preferredName": "David Micraelius"
    },
    {
      "@id": "https://d-nb.info/gnd/124678394",
      "relationship": "Sohn",
      "preferredName": "Joachim Micraelius"
    },
    {
      "@id": "https://d-nb.info/gnd/1052463711",
      "relationship": "Vetter?",
      "preferredName": "Joachim Micraelius"
    }
  ],
  "depiction": {
    "@id": "https://commons.wikimedia.org/wiki/Special:FilePath/JohannesMicraelius.jpg",
    "publisher": "Wikimedia Commons",
    "copyrighted": "false",
    "creator": [
      "Unknown authorUnknown author"
    ],
    "creditText": [
      "Self-scanned"
    ],
    "license": [
      {
        "@id": "https://creativecommons.org/publicdomain/mark/1.0/",
        "abbr": "PD",
        "name": "Public Domain",
        "attributionRequired": "false",
        "restrictions": ""
      }
    ],
    "url": "https://commons.wikimedia.org/wiki/File:JohannesMicraelius.jpg?uselang=en",
    "thumbnail": {
      "@id": "https://commons.wikimedia.org/wiki/Special:FilePath/JohannesMicraelius.jpg?width=270"
    }
  },
  "sameAs": [
    {
      "@id": "https://d-nb.info/gnd/115394982/about",
      "collection": {
        "abbr": "DNB",
        "name": "Gemeinsame Normdatei (GND) im Katalog der Deutschen Nationalbibliothek",
        "publisher": "Deutsche Nationalbibliothek",
        "icon": "https://www.dnb.de/SiteGlobals/Frontend/DNBWeb/Images/favicon.png?__blob=normal&v=4"
      }
    },
    {
      "@id": "http://kulturportal-west-ost.eu/persons/micraelius-johannes/",
      "collection": {
        "abbr": "OSTDEBIB",
        "name": "Ostdeutsche Biographie",
        "publisher": "Kulturportal West-Ost"
      }
    },
    {
      "@id": "https://de.wikipedia.org/wiki/Johannes_Micraelius",
      "collection": {
        "abbr": "dewiki",
        "name": "Wikipedia (Deutsch)",
        "publisher": "Wikimedia Foundation Inc.",
        "icon": "https://de.wikipedia.org/static/favicon/wikipedia.ico"
      }
    },
    {
      "@id": "https://en.wikipedia.org/wiki/Johannes_Micraelius",
      "collection": {
        "abbr": "enwiki",
        "name": "Wikipedia (English)",
        "publisher": "Wikimedia Foundation Inc.",
        "icon": "https://en.wikipedia.org/static/favicon/wikipedia.ico"
      }
    },
    {
      "@id": "https://kalliope-verbund.info/gnd/115394982",
      "collection": {
        "abbr": "DE-611",
        "name": "Kalliope Verbundkatalog",
        "publisher": "Staatsbibliothek zu Berlin - Preu\u00dfischer Kulturbesitz",
        "icon": "https://kalliope-verbund.info/img/favicon.ico"
      }
    },
    {
      "@id": "https://raa.gf-franken.de/de/suche-nach-stammbucheintraegen.html?permaLink=1616_micraelius;0",
      "collection": {
        "abbr": "RAAE",
        "name": "Repertorium Alborum Amicorum (RAA) - Stammbucheintr\u00e4ge",
        "publisher": "Department Germanistik und Komparatistik der Friedrich-Alexander-Universit\u00e4t Erlangen-N\u00fcrnberg in Zusammenarbeit mit der Gesellschaft f\u00fcr Familienforschung in Franken",
        "icon": "https://www.gf-franken.de/favicon.ico"
      }
    },
    {
      "@id": "https://raa.gf-franken.de/de/suche-nach-stammbuechern.html?permaLink=1616_micraelius",
      "collection": {
        "abbr": "RAAS",
        "name": "Repertorium Alborum Amicorum (RAA) - Stammb\u00fccher",
        "publisher": "Department Germanistik und Komparatistik der Friedrich-Alexander-Universit\u00e4t Erlangen-N\u00fcrnberg in Zusammenarbeit mit der Gesellschaft f\u00fcr Familienforschung in Franken",
        "icon": "https://www.gf-franken.de/favicon.ico"
      }
    },
    {
      "@id": "https://www.deutsche-biographie.de/pnd115394982.html#adbcontent",
      "collection": {
        "abbr": "ADB",
        "name": "Allgemeine Deutsche Biographie (ADB)",
        "publisher": "Historische Kommission bei der Bayerischen Akademie der Wissenschaften und Bayerische Staatsbibliothek",
        "icon": "https://www.deutsche-biographie.de/favicon.ico"
      }
    },
    {
      "@id": "https://www.deutsche-digitale-bibliothek.de/person/gnd/115394982",
      "collection": {
        "abbr": "DDB",
        "name": "Deutsche Digitale Bibliothek",
        "publisher": "Deutsche Digitale Bibliothek",
        "icon": "https://www.deutsche-digitale-bibliothek.de/favicon.ico"
      }
    },
    {
      "@id": "https://www.portraitindex.de/dokumente/pnd/115394982",
      "collection": {
        "abbr": "Portraitindex",
        "name": "Digitaler Portraitindex der druckgraphischen Bildnisse der Fru\u0308hen Neuzeit",
        "publisher": "Deutsches Dokumentationszentrum fu\u0308r Kunstgeschichte - Bildarchiv Foto Marburg",
        "icon": "https://www.portraitindex.de/favicon.ico"
      }
    },
    {
      "@id": "http://id.loc.gov/rwo/agents/no99042589",
      "collection": {
        "abbr": "LC",
        "name": "NACO Authority File",
        "publisher": "Library of Congress",
        "icon": "https://www.loc.gov/favicon.ico"
      }
    },
    {
      "@id": "http://viaf.org/viaf/3199093",
      "collection": {
        "abbr": "VIAF",
        "name": "Virtual International Authority File (VIAF)",
        "publisher": "OCLC",
        "icon": "https://viaf.org/viaf/images/viaf.ico"
      }
    },
    {
      "@id": "http://www.wikidata.org/entity/Q104256",
      "collection": {
        "abbr": "WIKIDATA",
        "name": "Wikidata",
        "publisher": "Wikimedia Foundation Inc.",
        "icon": "https://www.wikidata.org/static/favicon/wikidata.ico"
      }
    },
    {
      "@id": "https://isni.org/isni/0000000110201744",
      "collection": {
        "abbr": "ISNI",
        "name": "International Standard Name Identifier (ISNI)",
        "publisher": "International Standard Name Identifier (ISNI)",
        "icon": "https://www.isni.org/sites/default/files/isni_new_favicon.ico"
      }
    }
  ]
}