{
  "@context": "http://hub.culturegraph.org/entityfacts/context/v1/entityfacts.jsonld",
  "@id": "https://d-nb.info/gnd/115361871",
  "describedBy": {
    "valid": "2026-05-01T04:26:16Z",
    "license": "https://creativecommons.org/publicdomain/zero/1.0/",
    "@id": "https://hub.culturegraph.org/entityfacts/115361871"
  },
  "preferredName": "Karl I., Mantua, Herzog",
  "surname": "Karl I., Mantua, Herzog",
  "@type": "person",
  "titleOfNobility": [
    "Herzog"
  ],
  "variantName": [
    "Carlo I., Mantova e Monteferrato, Duca",
    "Carlo I., Duca di Mantova",
    "Carlo I. Gonzaga, Duke of Mantua",
    "Carlo I. Gonzaga Nevers, Duca di Mantova e del Monteferrato",
    "Charles I., Mantoue, Duc",
    "Charles I., Mantua, Duke",
    "Carlo Gonzaga Nevers",
    "Charles de Nevers I.",
    "Carlo Gonzaga",
    "Carlo di Gonzaga",
    "Carlo di Gonzaga-Nevers",
    "Charles de Gonzague",
    "Charles de Nevers",
    "Charles de Nevers-Gonzaga",
    "Carlo I., Mantova, Duca",
    "Carlo I, Herzog von Mantua und Montferrat",
    "Carlo I, Duc de Mantoue et du Montferrat",
    "Carlo I, Duke of Mantua and Montferrat",
    "Carolus I, Herzog von Mantua und Montferrat",
    "Carolus I, Duc de Mantoue et du Montferrat",
    "Carolus I, Duke of Mantua and Montferrat",
    "Carlo di Gonzaga Nevers, Herzog von Mantua und Montferrat",
    "Carlo di Gonzaga Nevers, Duc de Mantoue et du Montferrat",
    "Carlo di Gonzaga Nevers, Duke of Mantua and Montferrat",
    "Carlo di Gonzaga, Herzog von Mantua und Montferrat",
    "Carlo di Gonzaga, Duc de Mantoue et du Montferrat",
    "Carlo di Gonzaga, Duke of Mantua and Montferrat",
    "Charles I, Duc de Nevers"
  ],
  "dateOfBirth": "May 6, 1580",
  "dateOfDeath": "September 22, 1637",
  "placeOfBirth": [
    {
      "@id": "https://d-nb.info/gnd/4044660-8",
      "preferredName": "Paris"
    }
  ],
  "placeOfDeath": [
    {
      "@id": "https://d-nb.info/gnd/4114978-6",
      "preferredName": "Mantua"
    }
  ],
  "associatedCountry": [
    {
      "@id": "https://d-nb.info/standards/vocab/gnd/geographic-area-code#XA-IT",
      "preferredName": "Italien"
    },
    {
      "@id": "https://d-nb.info/standards/vocab/gnd/geographic-area-code#XA-FR",
      "preferredName": "Frankreich"
    }
  ],
  "biographicalOrHistoricalInformation": "Herzog von Nevers und Rethel; 1631 von Kaiser Ferdinand II. mit Mantua und Montferrat belehnt",
  "familialRelationship": [
    {
      "@id": "https://d-nb.info/gnd/124502938",
      "relationship": "Vater",
      "preferredName": "Louis de Gonzague Nevers, Duc de"
    },
    {
      "@id": "https://d-nb.info/gnd/137845200",
      "relationship": "Sohn",
      "preferredName": "Carlo II., Nevers, Duc"
    },
    {
      "@id": "https://d-nb.info/gnd/118649477",
      "relationship": "Tochter",
      "preferredName": "Anna, Pfalz-Simmern, Pfalzgra\u0308fin"
    }
  ],
  "depiction": {
    "@id": "https://commons.wikimedia.org/wiki/Special:FilePath/Portrait%20de%20Charles%20de%20Gonzague%2C%20Daniel%20Dumonstier%2C%20Mus%C3%A9e%20de%20l%27Ardenne-9088%20%28without%20border%29.jpg",
    "publisher": "Wikimedia Commons",
    "copyrighted": "false",
    "creator": [
      "School of Daniel Dumonstier"
    ],
    "creditText": [
      "Self-photographed"
    ],
    "license": [
      {
        "@id": "https://creativecommons.org/publicdomain/mark/1.0/",
        "abbr": "PD",
        "name": "Public Domain",
        "attributionRequired": "false",
        "restrictions": ""
      }
    ],
    "url": "https://commons.wikimedia.org/wiki/File:Portrait%20de%20Charles%20de%20Gonzague%2C%20Daniel%20Dumonstier%2C%20Mus%C3%A9e%20de%20l%27Ardenne-9088%20%28without%20border%29.jpg?uselang=en",
    "thumbnail": {
      "@id": "https://commons.wikimedia.org/wiki/Special:FilePath/Portrait%20de%20Charles%20de%20Gonzague%2C%20Daniel%20Dumonstier%2C%20Mus%C3%A9e%20de%20l%27Ardenne-9088%20%28without%20border%29.jpg?width=270"
    }
  },
  "sameAs": [
    {
      "@id": "https://d-nb.info/gnd/115361871/about",
      "collection": {
        "abbr": "DNB",
        "name": "Gemeinsame Normdatei (GND) im Katalog der Deutschen Nationalbibliothek",
        "publisher": "Deutsche Nationalbibliothek",
        "icon": "https://www.dnb.de/SiteGlobals/Frontend/DNBWeb/Images/favicon.png?__blob=normal&v=4"
      }
    },
    {
      "@id": "https://de.wikipedia.org/wiki/Carlo_I._Gonzaga",
      "collection": {
        "abbr": "dewiki",
        "name": "Wikipedia (Deutsch)",
        "publisher": "Wikimedia Foundation Inc.",
        "icon": "https://de.wikipedia.org/static/favicon/wikipedia.ico"
      }
    },
    {
      "@id": "https://en.wikipedia.org/wiki/Charles_I_Gonzaga%2C_Duke_of_Mantua",
      "collection": {
        "abbr": "enwiki",
        "name": "Wikipedia (English)",
        "publisher": "Wikimedia Foundation Inc.",
        "icon": "https://en.wikipedia.org/static/favicon/wikipedia.ico"
      }
    },
    {
      "@id": "https://kaiserhof.geschichte.lmu.de/Q/GND=115361871",
      "collection": {
        "abbr": "KH",
        "name": "Kaiser und H\u00f6fe",
        "publisher": "Ludwig-Maximilians-Universit\u00e4t M\u00fcnchen - Historisches Seminar - Fr\u00fche Neuzeit",
        "icon": "https://kaiserhof.geschichte.lmu.de/favicon.ico"
      }
    },
    {
      "@id": "https://kalliope-verbund.info/gnd/115361871",
      "collection": {
        "abbr": "DE-611",
        "name": "Kalliope Verbundkatalog",
        "publisher": "Staatsbibliothek zu Berlin - Preu\u00dfischer Kulturbesitz",
        "icon": "https://kalliope-verbund.info/img/favicon.ico"
      }
    },
    {
      "@id": "https://www.deutsche-digitale-bibliothek.de/person/gnd/115361871",
      "collection": {
        "abbr": "DDB",
        "name": "Deutsche Digitale Bibliothek",
        "publisher": "Deutsche Digitale Bibliothek",
        "icon": "https://www.deutsche-digitale-bibliothek.de/favicon.ico"
      }
    },
    {
      "@id": "https://www.portraitindex.de/dokumente/pnd/115361871",
      "collection": {
        "abbr": "Portraitindex",
        "name": "Digitaler Portraitindex der druckgraphischen Bildnisse der Fru\u0308hen Neuzeit",
        "publisher": "Deutsches Dokumentationszentrum fu\u0308r Kunstgeschichte - Bildarchiv Foto Marburg",
        "icon": "https://www.portraitindex.de/favicon.ico"
      }
    },
    {
      "@id": "http://id.loc.gov/rwo/agents/nr93019166",
      "collection": {
        "abbr": "LC",
        "name": "NACO Authority File",
        "publisher": "Library of Congress",
        "icon": "https://www.loc.gov/favicon.ico"
      }
    },
    {
      "@id": "http://viaf.org/viaf/64734701",
      "collection": {
        "abbr": "VIAF",
        "name": "Virtual International Authority File (VIAF)",
        "publisher": "OCLC",
        "icon": "https://viaf.org/viaf/images/viaf.ico"
      }
    },
    {
      "@id": "http://www.wikidata.org/entity/Q547017",
      "collection": {
        "abbr": "WIKIDATA",
        "name": "Wikidata",
        "publisher": "Wikimedia Foundation Inc.",
        "icon": "https://www.wikidata.org/static/favicon/wikidata.ico"
      }
    },
    {
      "@id": "https://isni.org/isni/000000006121410X",
      "collection": {
        "abbr": "ISNI",
        "name": "International Standard Name Identifier (ISNI)",
        "publisher": "International Standard Name Identifier (ISNI)",
        "icon": "https://www.isni.org/sites/default/files/isni_new_favicon.ico"
      }
    }
  ]
}