{
  "@context": "http://hub.culturegraph.org/entityfacts/context/v1/entityfacts.jsonld",
  "@id": "https://d-nb.info/gnd/115361049",
  "describedBy": {
    "valid": "2026-05-01T09:20:28Z",
    "license": "https://creativecommons.org/publicdomain/zero/1.0/",
    "@id": "https://hub.culturegraph.org/entityfacts/115361049"
  },
  "preferredName": "Balthasar Gitler",
  "surname": "Gitler",
  "forename": "Balthasar",
  "periodOfActivity": "1548\u20131614",
  "@type": "person",
  "variantName": [
    "Balthasar Gitlerus",
    "Balthasar Gittler",
    "Balthasar Gu\u0308tler",
    "Balthasar Gu\u0308ttler",
    "Balthasar Gittlerus",
    "Balthasar Gutlerus",
    "Balthasar Guetlerus",
    "Balt. Gutler",
    "Balt. Gitlerus",
    "Balt. Gutlerus",
    "Balt. Gu\u0308tlerus"
  ],
  "dateOfDeath": "1617",
  "placeOfBirth": [
    {
      "@id": "https://d-nb.info/gnd/125964-7",
      "preferredName": "Lo\u0308wenberg (Schlesien)"
    }
  ],
  "placeOfDeath": [
    {
      "@id": "https://d-nb.info/gnd/4035206-7",
      "preferredName": "Leipzig"
    }
  ],
  "placeOfActivity": [
    {
      "@id": "https://d-nb.info/gnd/4035206-7",
      "preferredName": "Leipzig"
    }
  ],
  "associatedCountry": [
    {
      "@id": "https://d-nb.info/standards/vocab/gnd/geographic-area-code#XA-DE",
      "preferredName": "Deutschland"
    },
    {
      "@id": "https://d-nb.info/standards/vocab/gnd/geographic-area-code#XA-PL",
      "preferredName": "Polen"
    }
  ],
  "professionOrOccupation": [
    {
      "@id": "https://d-nb.info/gnd/4003157-3",
      "preferredName": "Arzt"
    },
    {
      "@id": "https://d-nb.info/gnd/4025243-7",
      "preferredName": "Hochschullehrer"
    }
  ],
  "gender": {
    "@id": "https://d-nb.info/standards/vocab/gnd/gender#male",
    "label": "Mann"
  },
  "biographicalOrHistoricalInformation": "Im Wintersemester 1548 immatrikuliert an der Universita\u0308t Leipzig, 1569 Dr. phil., 1571 Dr. med., spa\u0308ter Professor der Medizin an der Universita\u0308t und Dekan der medizinischen Fakulta\u0308t, Rektor 1566, 1572, 1588 und 1598. Im Alter von u\u0308ber 80 Jahren verstorben",
  "affiliation": [
    {
      "@id": "https://d-nb.info/gnd/2024343-1",
      "preferredName": "Universita\u0308t Leipzig"
    }
  ],
  "relatedPerson": [
    {
      "relationship": "VD-16 Mitverf.",
      "preferredName": "Cornelius Becker"
    },
    {
      "@id": "https://d-nb.info/gnd/124597866",
      "relationship": "VD-16 Mitverf.",
      "preferredName": "Michael Barth"
    },
    {
      "@id": "https://d-nb.info/gnd/119657384",
      "relationship": "VD-16 Mitverf.",
      "preferredName": "Martin von Drembach"
    },
    {
      "@id": "https://d-nb.info/gnd/119684624",
      "relationship": "VD-16 Mitverf.",
      "preferredName": "Maximus Geritz"
    },
    {
      "relationship": "VD-16 Mitverf.",
      "preferredName": "Georg Masbach"
    },
    {
      "@id": "https://d-nb.info/gnd/11975987X",
      "relationship": "VD-16 Mitverf.",
      "preferredName": "Arcangelo Mercenari"
    },
    {
      "relationship": "VD-16 Mitverf.",
      "preferredName": "Nikolaus Selneccer"
    },
    {
      "@id": "https://d-nb.info/gnd/124686214",
      "relationship": "VD-16 Mitverf.",
      "preferredName": "Georg Weinrich"
    },
    {
      "@id": "https://d-nb.info/gnd/119703807",
      "relationship": "VD-16 Mitverf.",
      "preferredName": "Paul Helffrich"
    },
    {
      "relationship": "Auerbach; VD-16 Mitverf.",
      "preferredName": "Johannes Mu\u0308ller"
    }
  ],
  "sameAs": [
    {
      "@id": "https://d-nb.info/gnd/115361049/about",
      "collection": {
        "abbr": "DNB",
        "name": "Gemeinsame Normdatei (GND) im Katalog der Deutschen Nationalbibliothek",
        "publisher": "Deutsche Nationalbibliothek",
        "icon": "https://www.dnb.de/SiteGlobals/Frontend/DNBWeb/Images/favicon.png?__blob=normal&v=4"
      }
    },
    {
      "@id": "https://kalliope-verbund.info/gnd/115361049",
      "collection": {
        "abbr": "DE-611",
        "name": "Kalliope Verbundkatalog",
        "publisher": "Staatsbibliothek zu Berlin - Preu\u00dfischer Kulturbesitz",
        "icon": "https://kalliope-verbund.info/img/favicon.ico"
      }
    },
    {
      "@id": "https://raa.gf-franken.de/de/suche-nach-stammbucheintraegen.html?permaLink=1605_kayser;39",
      "collection": {
        "abbr": "RAAE",
        "name": "Repertorium Alborum Amicorum (RAA) - Stammbucheintr\u00e4ge",
        "publisher": "Department Germanistik und Komparatistik der Friedrich-Alexander-Universit\u00e4t Erlangen-N\u00fcrnberg in Zusammenarbeit mit der Gesellschaft f\u00fcr Familienforschung in Franken",
        "icon": "https://www.gf-franken.de/favicon.ico"
      }
    },
    {
      "@id": "https://www.deutsche-digitale-bibliothek.de/person/gnd/115361049",
      "collection": {
        "abbr": "DDB",
        "name": "Deutsche Digitale Bibliothek",
        "publisher": "Deutsche Digitale Bibliothek",
        "icon": "https://www.deutsche-digitale-bibliothek.de/favicon.ico"
      }
    },
    {
      "@id": "http://viaf.org/viaf/316025010",
      "collection": {
        "abbr": "VIAF",
        "name": "Virtual International Authority File (VIAF)",
        "publisher": "OCLC",
        "icon": "https://viaf.org/viaf/images/viaf.ico"
      }
    },
    {
      "@id": "http://www.wikidata.org/entity/Q138027695",
      "collection": {
        "abbr": "WIKIDATA",
        "name": "Wikidata",
        "publisher": "Wikimedia Foundation Inc.",
        "icon": "https://www.wikidata.org/static/favicon/wikidata.ico"
      }
    },
    {
      "@id": "https://isni.org/isni/0000000010477874",
      "collection": {
        "abbr": "ISNI",
        "name": "International Standard Name Identifier (ISNI)",
        "publisher": "International Standard Name Identifier (ISNI)",
        "icon": "https://www.isni.org/sites/default/files/isni_new_favicon.ico"
      }
    }
  ]
}