{
  "@context": "http://hub.culturegraph.org/entityfacts/context/v1/entityfacts.jsonld",
  "@id": "https://d-nb.info/gnd/104376708",
  "describedBy": {
    "valid": "2026-04-27T15:18:20Z",
    "license": "https://creativecommons.org/publicdomain/zero/1.0/",
    "@id": "https://hub.culturegraph.org/entityfacts/104376708"
  },
  "preferredName": "Johann David Sigwart",
  "surname": "Sigwart",
  "forename": "Johann David",
  "@type": "person",
  "variantName": [
    "Johannes David Sigwart",
    "Joh. David Sigwart",
    "Johann David Sigwardt",
    "Johann David Siegwart"
  ],
  "dateOfBirth": "April 15, 1587",
  "dateOfDeath": "September 8, 1632",
  "placeOfBirth": [
    {
      "@id": "https://d-nb.info/gnd/4061147-4",
      "preferredName": "Tu\u0308bingen"
    }
  ],
  "placeOfDeath": [
    {
      "@id": "https://d-nb.info/gnd/4042742-0",
      "preferredName": "Nu\u0308rnberg"
    }
  ],
  "placeOfActivity": [
    {
      "@id": "https://d-nb.info/gnd/4336187-0",
      "preferredName": "Creglingen-Waldmannshofen"
    },
    {
      "@id": "https://d-nb.info/gnd/1041309090",
      "preferredName": "Hemmersheim-Pfahlenheim"
    },
    {
      "@id": "https://d-nb.info/gnd/4468775-8",
      "preferredName": "Creglingen-Archshofen"
    },
    {
      "@id": "https://d-nb.info/gnd/4037124-4",
      "preferredName": "Mainz"
    }
  ],
  "associatedCountry": [
    {
      "@id": "https://d-nb.info/standards/vocab/gnd/geographic-area-code#XA-DE",
      "preferredName": "Deutschland"
    }
  ],
  "professionOrOccupation": [
    {
      "@id": "https://d-nb.info/gnd/4132592-8",
      "preferredName": "Pfarrer"
    },
    {
      "@id": "https://d-nb.info/gnd/1041366884",
      "preferredName": "Lutherischer Theologe"
    },
    {
      "@id": "https://d-nb.info/gnd/4169961-0",
      "preferredName": "Milita\u0308rgeistlicher"
    }
  ],
  "biographicalOrHistoricalInformation": "Sohn des Professors und Pfarrers in Tu\u0308bingen Johann Georg Sigwart, immatr. Tu\u0308bingen 16.10.1597, B. 12.9.1599, M. 16.2.1603, Pfarrer in Waldmannshofen 1610, Pf. Lipprichshausen und Pfahlenheim Dez. 1616-14.11.1630,  Pf. Archshofen Dez. 1630, schwed. FeldPred. 1631, zieht im Nov. 1631 nach Durchzug des Heerfu\u0308hrers Tilly nach Mainz, dann Nu\u0308rnberg (\u2020 1632)",
  "familialRelationship": [
    {
      "@id": "https://d-nb.info/gnd/124531997",
      "relationship": "Vater",
      "preferredName": "Johann Georg Sigwart"
    }
  ],
  "sameAs": [
    {
      "@id": "https://d-nb.info/gnd/104376708/about",
      "collection": {
        "abbr": "DNB",
        "name": "Gemeinsame Normdatei (GND) im Katalog der Deutschen Nationalbibliothek",
        "publisher": "Deutsche Nationalbibliothek",
        "icon": "https://www.dnb.de/SiteGlobals/Frontend/DNBWeb/Images/favicon.png?__blob=normal&v=4"
      }
    },
    {
      "@id": "https://kalliope-verbund.info/gnd/104376708",
      "collection": {
        "abbr": "DE-611",
        "name": "Kalliope Verbundkatalog",
        "publisher": "Staatsbibliothek zu Berlin - Preu\u00dfischer Kulturbesitz",
        "icon": "https://kalliope-verbund.info/img/favicon.ico"
      }
    },
    {
      "@id": "https://raa.gf-franken.de/de/suche-nach-stammbuechern.html?permaLink=1604_sigwart",
      "collection": {
        "abbr": "RAAS",
        "name": "Repertorium Alborum Amicorum (RAA) - Stammb\u00fccher",
        "publisher": "Department Germanistik und Komparatistik der Friedrich-Alexander-Universit\u00e4t Erlangen-N\u00fcrnberg in Zusammenarbeit mit der Gesellschaft f\u00fcr Familienforschung in Franken",
        "icon": "https://www.gf-franken.de/favicon.ico"
      }
    },
    {
      "@id": "https://raa.gf-franken.de/de/suche-nach-stammbuechern.html?permaLink=1606_sigwart",
      "collection": {
        "abbr": "RAAS",
        "name": "Repertorium Alborum Amicorum (RAA) - Stammb\u00fccher",
        "publisher": "Department Germanistik und Komparatistik der Friedrich-Alexander-Universit\u00e4t Erlangen-N\u00fcrnberg in Zusammenarbeit mit der Gesellschaft f\u00fcr Familienforschung in Franken",
        "icon": "https://www.gf-franken.de/favicon.ico"
      }
    },
    {
      "@id": "https://www.archivportal-d.de/person/gnd/104376708",
      "collection": {
        "abbr": "ARCHIV-D",
        "name": "Archivportal-D",
        "publisher": "Deutsche Digitale Bibliothek",
        "icon": "https://www.archivportal-d.de/favicon.ico"
      }
    },
    {
      "@id": "https://www.deutsche-digitale-bibliothek.de/person/gnd/104376708",
      "collection": {
        "abbr": "DDB",
        "name": "Deutsche Digitale Bibliothek",
        "publisher": "Deutsche Digitale Bibliothek",
        "icon": "https://www.deutsche-digitale-bibliothek.de/favicon.ico"
      }
    },
    {
      "@id": "http://viaf.org/viaf/17660259",
      "collection": {
        "abbr": "VIAF",
        "name": "Virtual International Authority File (VIAF)",
        "publisher": "OCLC",
        "icon": "https://viaf.org/viaf/images/viaf.ico"
      }
    },
    {
      "@id": "http://www.wikidata.org/entity/Q139161292",
      "collection": {
        "abbr": "WIKIDATA",
        "name": "Wikidata",
        "publisher": "Wikimedia Foundation Inc.",
        "icon": "https://www.wikidata.org/static/favicon/wikidata.ico"
      }
    }
  ]
}