{
  "@context": "http://hub.culturegraph.org/entityfacts/context/v1/entityfacts.jsonld",
  "@id": "https://d-nb.info/gnd/104318864",
  "describedBy": {
    "valid": "2026-04-27T05:26:16Z",
    "license": "https://creativecommons.org/publicdomain/zero/1.0/",
    "@id": "https://hub.culturegraph.org/entityfacts/104318864"
  },
  "preferredName": "Johann Stigel",
  "surname": "Stigel",
  "forename": "Johann",
  "@type": "person",
  "academicDegree": [
    "Prof."
  ],
  "variantName": [
    "Joannes Stigelius",
    "Johann Stigelius",
    "... Stigelius",
    "Iohannes Stigelius",
    "Ioannes Stigelius",
    "Johannes Stig.",
    "Ioan. Stig.",
    "Johannes Strigelius",
    "Johannes Stigelius",
    "Johannes Stichelius",
    "Johannes Stygelius",
    "Johannes Stigel"
  ],
  "dateOfBirth": "May 13, 1515",
  "dateOfDeath": "February 11, 1562",
  "placeOfBirth": [
    {
      "@id": "https://d-nb.info/gnd/4021652-4",
      "preferredName": "Gotha"
    }
  ],
  "placeOfDeath": [
    {
      "@id": "https://d-nb.info/gnd/4028557-1",
      "preferredName": "Jena"
    }
  ],
  "placeOfActivity": [
    {
      "@id": "https://d-nb.info/gnd/4066640-2",
      "preferredName": "Wittenberg"
    },
    {
      "@id": "https://d-nb.info/gnd/4028557-1",
      "preferredName": "Jena"
    }
  ],
  "associatedCountry": [
    {
      "@id": "https://d-nb.info/standards/vocab/gnd/geographic-area-code#XA-DE",
      "preferredName": "Deutschland"
    }
  ],
  "professionOrOccupation": [
    {
      "@id": "https://d-nb.info/gnd/4053309-8",
      "preferredName": "Schriftsteller"
    },
    {
      "@id": "https://d-nb.info/gnd/4025243-7",
      "preferredName": "Hochschullehrer"
    }
  ],
  "gender": {
    "@id": "https://d-nb.info/standards/vocab/gnd/gender#male",
    "label": "Mann"
  },
  "biographicalOrHistoricalInformation": "Deutscher Poet und Rhetoriker; Student in Wittenberg (1531 imm.); Poeta laureatus; 1542 Professor in Wittenberg, seit 1548 Professor in Jena",
  "affiliation": [
    {
      "@id": "https://d-nb.info/gnd/18994-7",
      "preferredName": "Universita\u0308t Wittenberg"
    },
    {
      "@id": "https://d-nb.info/gnd/36164-1",
      "preferredName": "Friedrich-Schiller-Universita\u0308t Jena"
    }
  ],
  "relatedPerson": [
    {
      "@id": "https://d-nb.info/gnd/116608609",
      "relationship": "VD-16 Mitverf.",
      "preferredName": "Johann Rosa"
    },
    {
      "@id": "https://d-nb.info/gnd/119747022",
      "relationship": "VD-16 Mitverf.",
      "preferredName": "Lukas Loss"
    },
    {
      "relationship": "VD-16 Mitverf.",
      "preferredName": "Jakob Moltzer"
    },
    {
      "relationship": "VD-16 Mitverf.",
      "preferredName": "Paolo Giovio, der A\u0308ltere"
    },
    {
      "relationship": "Weiden; VD-16 Mitverf.",
      "preferredName": "Johannes Mayer"
    },
    {
      "relationship": "VD-16 Mitverf.",
      "preferredName": "Bernardus, von Clairvaux"
    },
    {
      "@id": "https://d-nb.info/gnd/124552722",
      "relationship": "VD-16 Mitverf.",
      "preferredName": "Augustin Brunn"
    },
    {
      "@id": "https://d-nb.info/gnd/131452495",
      "relationship": "VD-16 Mitverf.",
      "preferredName": "Joachim Gregorii"
    },
    {
      "@id": "https://d-nb.info/gnd/123590736",
      "relationship": "VD-16 Mitverf.",
      "preferredName": "Stephan Reich"
    },
    {
      "relationship": "VD-16 Mitverf.",
      "preferredName": "Johannes Dinckel, der A\u0308ltere"
    }
  ],
  "familialRelationship": [
    {
      "@id": "https://d-nb.info/gnd/140857257",
      "relationship": "Ehefrau",
      "preferredName": "Barbara Stigel"
    },
    {
      "@id": "https://d-nb.info/gnd/140923926",
      "relationship": "Sohn",
      "preferredName": "Honorius Stigel"
    }
  ],
  "depiction": {
    "@id": "https://commons.wikimedia.org/wiki/Special:FilePath/08%20Johann%20Stigel.jpeg",
    "publisher": "Wikimedia Commons",
    "copyrighted": "false",
    "creator": [
      "Unknown authorUnknown author"
    ],
    "creditText": [
      "http://www.kollegienhof.uni-jena.de/1500+_+1600/Johann+Stigel-p-111.html"
    ],
    "license": [
      {
        "@id": "https://creativecommons.org/publicdomain/mark/1.0/",
        "abbr": "PD",
        "name": "Public Domain",
        "attributionRequired": "false",
        "restrictions": ""
      }
    ],
    "url": "https://commons.wikimedia.org/wiki/File:08%20Johann%20Stigel.jpeg?uselang=en",
    "thumbnail": {
      "@id": "https://commons.wikimedia.org/wiki/Special:FilePath/08%20Johann%20Stigel.jpeg?width=270"
    }
  },
  "sameAs": [
    {
      "@id": "https://d-nb.info/gnd/104318864/about",
      "collection": {
        "abbr": "DNB",
        "name": "Gemeinsame Normdatei (GND) im Katalog der Deutschen Nationalbibliothek",
        "publisher": "Deutsche Nationalbibliothek",
        "icon": "https://www.dnb.de/SiteGlobals/Frontend/DNBWeb/Images/favicon.png?__blob=normal&v=4"
      }
    },
    {
      "@id": "https://de.wikipedia.org/wiki/Johann_Stigel",
      "collection": {
        "abbr": "dewiki",
        "name": "Wikipedia (Deutsch)",
        "publisher": "Wikimedia Foundation Inc.",
        "icon": "https://de.wikipedia.org/static/favicon/wikipedia.ico"
      }
    },
    {
      "@id": "https://kalliope-verbund.info/gnd/104318864",
      "collection": {
        "abbr": "DE-611",
        "name": "Kalliope Verbundkatalog",
        "publisher": "Staatsbibliothek zu Berlin - Preu\u00dfischer Kulturbesitz",
        "icon": "https://kalliope-verbund.info/img/favicon.ico"
      }
    },
    {
      "@id": "https://raa.gf-franken.de/de/suche-nach-stammbucheintraegen.html?permaLink=1546_nna;26",
      "collection": {
        "abbr": "RAAE",
        "name": "Repertorium Alborum Amicorum (RAA) - Stammbucheintr\u00e4ge",
        "publisher": "Department Germanistik und Komparatistik der Friedrich-Alexander-Universit\u00e4t Erlangen-N\u00fcrnberg in Zusammenarbeit mit der Gesellschaft f\u00fcr Familienforschung in Franken",
        "icon": "https://www.gf-franken.de/favicon.ico"
      }
    },
    {
      "@id": "https://www.archivportal-d.de/person/gnd/104318864",
      "collection": {
        "abbr": "ARCHIV-D",
        "name": "Archivportal-D",
        "publisher": "Deutsche Digitale Bibliothek",
        "icon": "https://www.archivportal-d.de/favicon.ico"
      }
    },
    {
      "@id": "https://www.deutsche-biographie.de/pnd104318864.html#adbcontent",
      "collection": {
        "abbr": "ADB",
        "name": "Allgemeine Deutsche Biographie (ADB)",
        "publisher": "Historische Kommission bei der Bayerischen Akademie der Wissenschaften und Bayerische Staatsbibliothek",
        "icon": "https://www.deutsche-biographie.de/favicon.ico"
      }
    },
    {
      "@id": "https://www.deutsche-digitale-bibliothek.de/person/gnd/104318864",
      "collection": {
        "abbr": "DDB",
        "name": "Deutsche Digitale Bibliothek",
        "publisher": "Deutsche Digitale Bibliothek",
        "icon": "https://www.deutsche-digitale-bibliothek.de/favicon.ico"
      }
    },
    {
      "@id": "http://id.loc.gov/rwo/agents/nr92009493",
      "collection": {
        "abbr": "LC",
        "name": "NACO Authority File",
        "publisher": "Library of Congress",
        "icon": "https://www.loc.gov/favicon.ico"
      }
    },
    {
      "@id": "http://viaf.org/viaf/15204756",
      "collection": {
        "abbr": "VIAF",
        "name": "Virtual International Authority File (VIAF)",
        "publisher": "OCLC",
        "icon": "https://viaf.org/viaf/images/viaf.ico"
      }
    },
    {
      "@id": "http://www.wikidata.org/entity/Q1539176",
      "collection": {
        "abbr": "WIKIDATA",
        "name": "Wikidata",
        "publisher": "Wikimedia Foundation Inc.",
        "icon": "https://www.wikidata.org/static/favicon/wikidata.ico"
      }
    },
    {
      "@id": "https://isni.org/isni/0000000110216647",
      "collection": {
        "abbr": "ISNI",
        "name": "International Standard Name Identifier (ISNI)",
        "publisher": "International Standard Name Identifier (ISNI)",
        "icon": "https://www.isni.org/sites/default/files/isni_new_favicon.ico"
      }
    }
  ]
}