{
  "@context": "http://hub.culturegraph.org/entityfacts/context/v1/entityfacts.jsonld",
  "@id": "https://d-nb.info/gnd/104285559",
  "describedBy": {
    "valid": "2026-04-26T19:17:46Z",
    "license": "https://creativecommons.org/publicdomain/zero/1.0/",
    "@id": "https://hub.culturegraph.org/entityfacts/104285559"
  },
  "preferredName": "Nikolaus Schneitler",
  "surname": "Schneitler",
  "forename": "Nikolaus",
  "@type": "person",
  "variantName": [
    "Nicolaus Schneitler",
    "Nikolaus Schneidler",
    "Nicolaus Schneidler",
    "Nicolaus Schneitlerus",
    "Nicolaus Schneidlerus"
  ],
  "dateOfBirth": "XX.XX.1553",
  "dateOfDeath": "August 22, 1607",
  "placeOfBirth": [
    {
      "@id": "https://d-nb.info/gnd/4042532-0",
      "preferredName": "Nordhausen"
    }
  ],
  "placeOfDeath": [
    {
      "@id": "https://d-nb.info/gnd/4472730-6",
      "preferredName": "Barby (Elbe)"
    }
  ],
  "placeOfActivity": [
    {
      "@id": "https://d-nb.info/gnd/4325125-0",
      "preferredName": "Schleiz"
    },
    {
      "@id": "https://d-nb.info/gnd/4472730-6",
      "preferredName": "Barby (Elbe)"
    }
  ],
  "associatedCountry": [
    {
      "@id": "https://d-nb.info/standards/vocab/gnd/geographic-area-code#XA-DE",
      "preferredName": "Deutschland"
    }
  ],
  "professionOrOccupation": [
    {
      "@id": "https://d-nb.info/gnd/4132592-8",
      "preferredName": "Pfarrer"
    },
    {
      "@id": "https://d-nb.info/gnd/1041366884",
      "preferredName": "Lutherischer Theologe"
    },
    {
      "@id": "https://d-nb.info/gnd/4184110-4",
      "preferredName": "Superintendent"
    },
    {
      "@id": "https://d-nb.info/gnd/4210801-9",
      "preferredName": "Hofprediger"
    },
    {
      "@id": "https://d-nb.info/gnd/4035088-5",
      "preferredName": "Lehrer"
    }
  ],
  "gender": {
    "@id": "https://d-nb.info/standards/vocab/gnd/gender#male",
    "label": "Mann"
  },
  "biographicalOrHistoricalInformation": "1578 Student in Wittenberg; 1580 Rektor in Elsterberg und Rektor der Stadtschule Schleiz; 1585 Diakon in Schleiz; 1589 Diakon und 1590 Stadtpfarrer in Barby; 1593 Superintendent und Hofprediger in Barby",
  "relatedPerson": [
    {
      "relationship": "Zwickau; VD-16 Mitverf.",
      "preferredName": "Christoph Faber"
    },
    {
      "relationship": "VD-16 Mitverf.",
      "preferredName": "Johannes Olearius"
    },
    {
      "@id": "https://d-nb.info/gnd/119643324",
      "relationship": "VD-16 Mitverf.",
      "preferredName": "Christoph Cnipius"
    },
    {
      "@id": "https://d-nb.info/gnd/119775409",
      "relationship": "VD-16 Mitverf.",
      "preferredName": "Johann Noricus"
    },
    {
      "@id": "https://d-nb.info/gnd/118183117",
      "relationship": "VD-16 Mitverf.",
      "preferredName": "Erasmus Sidelmann"
    },
    {
      "@id": "https://d-nb.info/gnd/124504825",
      "relationship": "VD-16 Mitverf.",
      "preferredName": "Abraham Beuther"
    },
    {
      "@id": "https://d-nb.info/gnd/129384267",
      "relationship": "VD-16 Mitverf.",
      "preferredName": "Karl Wolff"
    },
    {
      "@id": "https://d-nb.info/gnd/119805987",
      "relationship": "VD-16 Mitverf.",
      "preferredName": "Andreas Rindfra\u00df"
    },
    {
      "@id": "https://d-nb.info/gnd/117205907",
      "relationship": "VD-16 Mitverf.",
      "preferredName": "Andreas Mylius"
    },
    {
      "@id": "https://d-nb.info/gnd/119780798",
      "relationship": "VD-16 Mitverf.",
      "preferredName": "Johannes Paodocheus"
    }
  ],
  "familialRelationship": [
    {
      "@id": "https://d-nb.info/gnd/1397014156",
      "relationship": "Mutter",
      "preferredName": "Catharina Schaller"
    },
    {
      "@id": "https://d-nb.info/gnd/119816504",
      "relationship": "Halbbruder",
      "preferredName": "Johannes Schaller"
    },
    {
      "@id": "https://d-nb.info/gnd/128816503",
      "relationship": "Ehefrau",
      "preferredName": "Gertrud Schneitler"
    }
  ],
  "sameAs": [
    {
      "@id": "https://d-nb.info/gnd/104285559/about",
      "collection": {
        "abbr": "DNB",
        "name": "Gemeinsame Normdatei (GND) im Katalog der Deutschen Nationalbibliothek",
        "publisher": "Deutsche Nationalbibliothek",
        "icon": "https://www.dnb.de/SiteGlobals/Frontend/DNBWeb/Images/favicon.png?__blob=normal&v=4"
      }
    },
    {
      "@id": "https://isni.org/isni/0000000020160547",
      "collection": {
        "abbr": "ISNI",
        "name": "International Standard Name Identifier (ISNI)",
        "publisher": "International Standard Name Identifier (ISNI)",
        "icon": "https://www.isni.org/sites/default/files/isni_new_favicon.ico"
      }
    },
    {
      "@id": "https://mmlo.de/Q/GND=104285559",
      "collection": {
        "abbr": "MMLO",
        "name": "Biographisches Lexikon der M\u00fcnzmeister und Wardeine, Stempelschneider und Medailleure",
        "publisher": "Ludwig-Maximilians-Universit\u00e4t M\u00fcnchen - Historisches Seminar - Fr\u00fche Neuzeit",
        "icon": "https://mintmaster.geschichte.lmu.de/favicon.ico"
      }
    },
    {
      "@id": "https://www.deutsche-digitale-bibliothek.de/person/gnd/104285559",
      "collection": {
        "abbr": "DDB",
        "name": "Deutsche Digitale Bibliothek",
        "publisher": "Deutsche Digitale Bibliothek",
        "icon": "https://www.deutsche-digitale-bibliothek.de/favicon.ico"
      }
    },
    {
      "@id": "http://viaf.org/viaf/25033460",
      "collection": {
        "abbr": "VIAF",
        "name": "Virtual International Authority File (VIAF)",
        "publisher": "OCLC",
        "icon": "https://viaf.org/viaf/images/viaf.ico"
      }
    },
    {
      "@id": "http://www.wikidata.org/entity/Q128801396",
      "collection": {
        "abbr": "WIKIDATA",
        "name": "Wikidata",
        "publisher": "Wikimedia Foundation Inc.",
        "icon": "https://www.wikidata.org/static/favicon/wikidata.ico"
      }
    }
  ]
}