{
  "@context": "http://hub.culturegraph.org/entityfacts/context/v1/entityfacts.jsonld",
  "@id": "https://d-nb.info/gnd/104150351",
  "describedBy": {
    "valid": "2026-04-27T14:59:27Z",
    "license": "https://creativecommons.org/publicdomain/zero/1.0/",
    "@id": "https://hub.culturegraph.org/entityfacts/104150351"
  },
  "preferredName": "Carl Villinger",
  "surname": "Villinger",
  "forename": "Carl",
  "periodOfActivity": "1564",
  "@type": "person",
  "variantName": [
    "Karl Villinger",
    "Carolus Villinger",
    "Carolus Villingerus",
    "Carl Villinger zu Scho\u0308nenberg",
    "Carl Villinger zu Scho\u0308neberg",
    "karl Villinger zu Scho\u0308nenberg",
    "Caroll Villinger zu Scho\u0308nenberg",
    "Carl Villinger zu Scho\u0308nenberg",
    "Caroll Villinger zu Scho\u0308nenberg",
    "Carl Villinger von Scho\u0308neberg",
    "Carl Villinger von Scho\u0308nenberg",
    "Carl Villinger von Scho\u0308neberg",
    "Karl Villinger von Scho\u0308neberg",
    "Karl Villinger von Scho\u0308neberg",
    "Caroll Villinger"
  ],
  "associatedCountry": [
    {
      "@id": "https://d-nb.info/standards/vocab/gnd/geographic-area-code#XA-DE",
      "preferredName": "Deutschland"
    }
  ],
  "gender": {
    "@id": "https://d-nb.info/standards/vocab/gnd/gender#male",
    "label": "Mann"
  },
  "biographicalOrHistoricalInformation": "Baron von Scho\u0308neberg",
  "relatedPerson": [
    {
      "@id": "https://d-nb.info/gnd/100706460",
      "relationship": "VD-16 Mitverf.",
      "preferredName": "Hieronymus Wolf"
    },
    {
      "@id": "https://d-nb.info/gnd/104306629",
      "relationship": "VD-16 Mitverf.",
      "preferredName": "Rudolph Brivius"
    },
    {
      "@id": "https://d-nb.info/gnd/142002658",
      "relationship": "VD-16 Mitverf.",
      "preferredName": "Elias Ehinger"
    },
    {
      "@id": "https://d-nb.info/gnd/119697807",
      "relationship": "VD-16 Mitverf.",
      "preferredName": "Georg Hamaxurgus"
    },
    {
      "@id": "https://d-nb.info/gnd/11970157X",
      "relationship": "VD-16 Mitverf.",
      "preferredName": "Johann Baptist Hebenstreit"
    },
    {
      "@id": "https://d-nb.info/gnd/119749599",
      "relationship": "VD-16 Mitverf.",
      "preferredName": "Christoph Macellarius"
    },
    {
      "relationship": "Augsburg; VD-16 Mitverf.",
      "preferredName": "Johannes Maior"
    },
    {
      "relationship": "Konstanz; VD-16 Mitverf.",
      "preferredName": "Ulrich Faber"
    },
    {
      "relationship": "VD-16 Mitverf.",
      "preferredName": "Georg Miller"
    },
    {
      "relationship": "VD-16 Mitverf.",
      "preferredName": "Johann Oporinus"
    }
  ],
  "sameAs": [
    {
      "@id": "https://d-nb.info/gnd/104150351/about",
      "collection": {
        "abbr": "DNB",
        "name": "Gemeinsame Normdatei (GND) im Katalog der Deutschen Nationalbibliothek",
        "publisher": "Deutsche Nationalbibliothek",
        "icon": "https://www.dnb.de/SiteGlobals/Frontend/DNBWeb/Images/favicon.png?__blob=normal&v=4"
      }
    },
    {
      "@id": "https://kaiserhof.geschichte.lmu.de/Q/GND=104150351",
      "collection": {
        "abbr": "KH",
        "name": "Kaiser und H\u00f6fe",
        "publisher": "Ludwig-Maximilians-Universit\u00e4t M\u00fcnchen - Historisches Seminar - Fr\u00fche Neuzeit",
        "icon": "https://kaiserhof.geschichte.lmu.de/favicon.ico"
      }
    },
    {
      "@id": "http://viaf.org/viaf/37344819",
      "collection": {
        "abbr": "VIAF",
        "name": "Virtual International Authority File (VIAF)",
        "publisher": "OCLC",
        "icon": "https://viaf.org/viaf/images/viaf.ico"
      }
    },
    {
      "@id": "http://www.wikidata.org/entity/Q110152761",
      "collection": {
        "abbr": "WIKIDATA",
        "name": "Wikidata",
        "publisher": "Wikimedia Foundation Inc.",
        "icon": "https://www.wikidata.org/static/favicon/wikidata.ico"
      }
    }
  ]
}