{
  "@context": "http://hub.culturegraph.org/entityfacts/context/v1/entityfacts.jsonld",
  "@id": "https://d-nb.info/gnd/104148799",
  "describedBy": {
    "valid": "2026-05-03T12:55:55Z",
    "license": "https://creativecommons.org/publicdomain/zero/1.0/",
    "@id": "https://hub.culturegraph.org/entityfacts/104148799"
  },
  "preferredName": "Ernst Heinrich Wedel",
  "surname": "Wedel",
  "forename": "Ernst Heinrich",
  "@type": "person",
  "variantName": [
    "Ernestus Henricus Wedel",
    "Ernestus Henricus Wedelius"
  ],
  "dateOfBirth": "August 1, 1671",
  "dateOfDeath": "April 13, 1709",
  "placeOfBirth": [
    {
      "@id": "https://d-nb.info/gnd/4021652-4",
      "preferredName": "Gotha"
    }
  ],
  "placeOfDeath": [
    {
      "@id": "https://d-nb.info/gnd/4028557-1",
      "preferredName": "Jena"
    }
  ],
  "placeOfActivity": [
    {
      "@id": "https://d-nb.info/gnd/4028557-1",
      "preferredName": "Jena"
    }
  ],
  "associatedCountry": [
    {
      "@id": "https://d-nb.info/standards/vocab/gnd/geographic-area-code#XA-DE",
      "preferredName": "Deutschland"
    }
  ],
  "professionOrOccupation": [
    {
      "@id": "https://d-nb.info/gnd/4003157-3",
      "preferredName": "Arzt"
    },
    {
      "@id": "https://d-nb.info/gnd/4025243-7",
      "preferredName": "Hochschullehrer"
    }
  ],
  "biographicalOrHistoricalInformation": "Dt. Mediziner; Student in Jena und Altdorf; Professor in Jena",
  "affiliation": [
    {
      "@id": "https://d-nb.info/gnd/2174952-8",
      "preferredName": "Universita\u0308t zu Jena"
    }
  ],
  "familialRelationship": [
    {
      "@id": "https://d-nb.info/gnd/104045396",
      "relationship": "Vater",
      "preferredName": "Georg Wolfgang Wedel"
    },
    {
      "@id": "https://d-nb.info/gnd/115647376",
      "relationship": "Bruder",
      "preferredName": "Johann Adolph Wedel"
    }
  ],
  "depiction": {
    "@id": "https://commons.wikimedia.org/wiki/Special:FilePath/Ernst%20Heinrich%20Wedel.%20Mezzotint%20by%20C.%20Weigel.%20Wellcome%20V0006185.jpg",
    "publisher": "Wikimedia Commons",
    "copyrighted": "true",
    "creator": [
      ""
    ],
    "creditText": [
      "https://wellcomeimages.org/indexplus/obf_images/60/1b/7b4cd1c96d4334b9af3af43af2c1.jpg Gallery: https://wellcomeimages.org/indexplus/image/V0006185.html Wellcome Collection gallery (2018-03-29): https://wellcomecollection.org/works/ux3zk6dm CC-BY-4.0"
    ],
    "license": [
      {
        "@id": "https://creativecommons.org/licenses/by/4.0",
        "abbr": "CC BY 4.0",
        "name": "Creative Commons Attribution 4.0",
        "attributionRequired": "true",
        "restrictions": ""
      }
    ],
    "url": "https://commons.wikimedia.org/wiki/File:Ernst%20Heinrich%20Wedel.%20Mezzotint%20by%20C.%20Weigel.%20Wellcome%20V0006185.jpg?uselang=en",
    "thumbnail": {
      "@id": "https://commons.wikimedia.org/wiki/Special:FilePath/Ernst%20Heinrich%20Wedel.%20Mezzotint%20by%20C.%20Weigel.%20Wellcome%20V0006185.jpg?width=270"
    }
  },
  "sameAs": [
    {
      "@id": "https://d-nb.info/gnd/104148799/about",
      "collection": {
        "abbr": "DNB",
        "name": "Gemeinsame Normdatei (GND) im Katalog der Deutschen Nationalbibliothek",
        "publisher": "Deutsche Nationalbibliothek",
        "icon": "https://www.dnb.de/SiteGlobals/Frontend/DNBWeb/Images/favicon.png?__blob=normal&v=4"
      }
    },
    {
      "@id": "https://aaa.gf-franken.de/de/recherche.html?permaLink=16435",
      "collection": {
        "abbr": "AAA",
        "name": "Album Academicum Altorphinum (AAA)",
        "publisher": "Department Germanistik und Komparatistik der Friedrich-Alexander-Universit\u00e4t Erlangen-N\u00fcrnberg in Zusammenarbeit mit der Gesellschaft f\u00fcr Familienforschung in Franken",
        "icon": "https://www.gf-franken.de/favicon.ico"
      }
    },
    {
      "@id": "https://www.deutsche-biographie.de/pnd104148799.html#adbcontent",
      "collection": {
        "abbr": "ADB",
        "name": "Allgemeine Deutsche Biographie (ADB)",
        "publisher": "Historische Kommission bei der Bayerischen Akademie der Wissenschaften und Bayerische Staatsbibliothek",
        "icon": "https://www.deutsche-biographie.de/favicon.ico"
      }
    },
    {
      "@id": "https://www.deutsche-digitale-bibliothek.de/person/gnd/104148799",
      "collection": {
        "abbr": "DDB",
        "name": "Deutsche Digitale Bibliothek",
        "publisher": "Deutsche Digitale Bibliothek",
        "icon": "https://www.deutsche-digitale-bibliothek.de/favicon.ico"
      }
    },
    {
      "@id": "https://www.portraitindex.de/dokumente/pnd/104148799",
      "collection": {
        "abbr": "Portraitindex",
        "name": "Digitaler Portraitindex der druckgraphischen Bildnisse der Fru\u0308hen Neuzeit",
        "publisher": "Deutsches Dokumentationszentrum fu\u0308r Kunstgeschichte - Bildarchiv Foto Marburg",
        "icon": "https://www.portraitindex.de/favicon.ico"
      }
    },
    {
      "@id": "http://id.loc.gov/rwo/agents/no96011223",
      "collection": {
        "abbr": "LC",
        "name": "NACO Authority File",
        "publisher": "Library of Congress",
        "icon": "https://www.loc.gov/favicon.ico"
      }
    },
    {
      "@id": "http://viaf.org/viaf/15200659",
      "collection": {
        "abbr": "VIAF",
        "name": "Virtual International Authority File (VIAF)",
        "publisher": "OCLC",
        "icon": "https://viaf.org/viaf/images/viaf.ico"
      }
    },
    {
      "@id": "http://www.wikidata.org/entity/Q55134022",
      "collection": {
        "abbr": "WIKIDATA",
        "name": "Wikidata",
        "publisher": "Wikimedia Foundation Inc.",
        "icon": "https://www.wikidata.org/static/favicon/wikidata.ico"
      }
    },
    {
      "@id": "https://isni.org/isni/0000000061352772",
      "collection": {
        "abbr": "ISNI",
        "name": "International Standard Name Identifier (ISNI)",
        "publisher": "International Standard Name Identifier (ISNI)",
        "icon": "https://www.isni.org/sites/default/files/isni_new_favicon.ico"
      }
    }
  ]
}