{
  "@context": "http://hub.culturegraph.org/entityfacts/context/v1/entityfacts.jsonld",
  "@id": "https://d-nb.info/gnd/104138017",
  "describedBy": {
    "valid": "2026-04-29T19:29:31Z",
    "license": "https://creativecommons.org/publicdomain/zero/1.0/",
    "@id": "https://hub.culturegraph.org/entityfacts/104138017"
  },
  "preferredName": "Johann Andreas Schmidt",
  "surname": "Schmidt",
  "forename": "Johann Andreas",
  "@type": "person",
  "academicDegree": [
    "Prof. Dr. theol."
  ],
  "variantName": [
    "J. A. S. P. P.",
    "I. A. S.",
    "D.I.A.S.",
    "J. A. S.",
    "B. Johannes Andreas Schmid",
    "B. Iohannes Andreas Schmid",
    "Iohannes Andreas Schmid",
    "Johannes Andreas Schmid",
    "Ioh. Andr. Schmid",
    "Johann Andreas Schmidius",
    "Joannes Andreas Schmidius",
    "Ioannes Andreas Schmidius",
    "Jo. Andr. Schmidius",
    "Io. Andr. Schmidius",
    "Io. Andreas Schmidius",
    "Ioan. Andr. Schmidius",
    "Andreas Schmidius",
    "Ioannes Andreas Schmidt",
    "Joannes Andreas Schmidt",
    "Johannes Andreas Schmidt",
    "J. A. Schmidt",
    "Jo. Andreas Schmidt",
    "Jo. Andr. Schmidt",
    "Io. Andr. Schmidt",
    "Io. Andrea Schmidt",
    "Joan. Andreas Schmidt",
    "Ioan. Andr. Schmid",
    "Johann Schmidt",
    "Andreas Schmidt",
    "Joannes Andreas Schmidtius",
    "Johann Andreas Schmidtius",
    "Schmidt",
    "Schmidt, Abt",
    "Johann Andreas, Mariental, Abt",
    "J. A. S.",
    "I. A. S. D.",
    "Johannes Andreas Schmidius",
    "I.A.S.D.",
    "Johann Andreas Schmid",
    "Johann Andreas Schmidt"
  ],
  "dateOfBirth": "August 18, 1652",
  "dateOfDeath": "June 12, 1726",
  "placeOfBirth": [
    {
      "@id": "https://d-nb.info/gnd/4066942-7",
      "preferredName": "Worms"
    }
  ],
  "placeOfDeath": [
    {
      "@id": "https://d-nb.info/gnd/4024344-8",
      "preferredName": "Helmstedt"
    }
  ],
  "placeOfActivity": [
    {
      "@id": "https://d-nb.info/gnd/4028557-1",
      "preferredName": "Jena"
    },
    {
      "@id": "https://d-nb.info/gnd/4024344-8",
      "preferredName": "Helmstedt"
    }
  ],
  "associatedCountry": [
    {
      "@id": "https://d-nb.info/standards/vocab/gnd/geographic-area-code#XA-DE",
      "preferredName": "Deutschland"
    }
  ],
  "professionOrOccupation": [
    {
      "@id": "https://d-nb.info/gnd/4015882-2",
      "preferredName": "Evangelischer Theologe"
    },
    {
      "@id": "https://d-nb.info/gnd/4398113-6",
      "preferredName": "Kirchenhistoriker"
    },
    {
      "@id": "https://d-nb.info/gnd/4000273-1",
      "preferredName": "Abt"
    },
    {
      "@id": "https://d-nb.info/gnd/4025243-7",
      "preferredName": "Hochschullehrer"
    }
  ],
  "gender": {
    "@id": "https://d-nb.info/standards/vocab/gnd/gender#male",
    "label": "Mann"
  },
  "biographicalOrHistoricalInformation": "Evangelisch-lutherischer Theologe und Kirchenhistoriker; 1673 Student in Jena, 1676 Magister, 1679 Adjunkt der Phil. Fak., 1683 Prof. der Logik und Metaphysik, 1694 Prof. theol; 1695 Dr. theol. in Jena; ab Nov. 1695 Prof. fu\u0308r Kirchengeschichte in Helmstedt, auch Dozent fu\u0308r Mathematik; 1699 auch Abt zu Mariental bei Helmstedt; Mitglied der Leopoldina",
  "affiliation": [
    {
      "@id": "https://d-nb.info/gnd/2051813-4",
      "preferredName": "Academia Julia"
    },
    {
      "@id": "https://d-nb.info/gnd/2174952-8",
      "preferredName": "Universita\u0308t zu Jena"
    },
    {
      "@id": "https://d-nb.info/gnd/4199056-0",
      "preferredName": "Kloster Mariental"
    },
    {
      "@id": "https://d-nb.info/gnd/6015838-4",
      "preferredName": "Lyceum (Marienthal)"
    },
    {
      "@id": "https://d-nb.info/gnd/61192-X",
      "preferredName": "Sacri Romani Imperii Academia Caesareo-Leopoldina Naturae Curiosorum"
    }
  ],
  "familialRelationship": [
    {
      "@id": "https://d-nb.info/gnd/131716077",
      "relationship": "1. Ehefrau",
      "preferredName": "Dorothea Schmidt"
    },
    {
      "@id": "https://d-nb.info/gnd/1067974725",
      "relationship": "Tochter",
      "preferredName": "Maria Elisabeth Kotzebue"
    },
    {
      "@id": "https://d-nb.info/gnd/1162470577",
      "relationship": "Tochter",
      "preferredName": "Catharina Elisabeth Schro\u0308der"
    },
    {
      "@id": "https://d-nb.info/gnd/128448318",
      "relationship": "Sohn",
      "preferredName": "Christoph Andreas Schmidt"
    }
  ],
  "depiction": {
    "@id": "https://commons.wikimedia.org/wiki/Special:FilePath/Johann%20Andreas%20Schmidt%20d%20Ae.jpg",
    "publisher": "Wikimedia Commons",
    "copyrighted": "false",
    "creator": [
      "Martin Bernigeroth"
    ],
    "creditText": [
      "Hans Haase: Die Universit\u00e4t Helmstedt 1576\u20131810. Bilder aus ihrer Geschichte, Jacobi-Verlag Bremen/Wolfenb\u00fcttel 1976, ISBN&nbsp;3-87447-052-0, S. 49"
    ],
    "license": [
      {
        "@id": "https://creativecommons.org/publicdomain/mark/1.0/",
        "abbr": "PD",
        "name": "Public Domain",
        "attributionRequired": "false",
        "restrictions": ""
      }
    ],
    "url": "https://commons.wikimedia.org/wiki/File:Johann%20Andreas%20Schmidt%20d%20Ae.jpg?uselang=en",
    "thumbnail": {
      "@id": "https://commons.wikimedia.org/wiki/Special:FilePath/Johann%20Andreas%20Schmidt%20d%20Ae.jpg?width=270"
    }
  },
  "sameAs": [
    {
      "@id": "https://d-nb.info/gnd/104138017/about",
      "collection": {
        "abbr": "DNB",
        "name": "Gemeinsame Normdatei (GND) im Katalog der Deutschen Nationalbibliothek",
        "publisher": "Deutsche Nationalbibliothek",
        "icon": "https://www.dnb.de/SiteGlobals/Frontend/DNBWeb/Images/favicon.png?__blob=normal&v=4"
      }
    },
    {
      "@id": "https://de.wikisource.org/wiki/Johann_Andreas_Schmid",
      "collection": {
        "abbr": "WIKISOURCE",
        "name": "Wikisource",
        "publisher": "Wikimedia Foundation Inc.",
        "icon": "https://wikisource.org/static/favicon/wikisource.ico"
      }
    },
    {
      "@id": "https://kalliope-verbund.info/gnd/104138017",
      "collection": {
        "abbr": "DE-611",
        "name": "Kalliope Verbundkatalog",
        "publisher": "Staatsbibliothek zu Berlin - Preu\u00dfischer Kulturbesitz",
        "icon": "https://kalliope-verbund.info/img/favicon.ico"
      }
    },
    {
      "@id": "https://raa.gf-franken.de/de/suche-nach-stammbucheintraegen.html?permaLink=1586_nn;28",
      "collection": {
        "abbr": "RAAE",
        "name": "Repertorium Alborum Amicorum (RAA) - Stammbucheintr\u00e4ge",
        "publisher": "Department Germanistik und Komparatistik der Friedrich-Alexander-Universit\u00e4t Erlangen-N\u00fcrnberg in Zusammenarbeit mit der Gesellschaft f\u00fcr Familienforschung in Franken",
        "icon": "https://www.gf-franken.de/favicon.ico"
      }
    },
    {
      "@id": "https://raa.gf-franken.de/de/suche-nach-stammbucheintraegen.html?permaLink=1685_diez;50",
      "collection": {
        "abbr": "RAAE",
        "name": "Repertorium Alborum Amicorum (RAA) - Stammbucheintr\u00e4ge",
        "publisher": "Department Germanistik und Komparatistik der Friedrich-Alexander-Universit\u00e4t Erlangen-N\u00fcrnberg in Zusammenarbeit mit der Gesellschaft f\u00fcr Familienforschung in Franken",
        "icon": "https://www.gf-franken.de/favicon.ico"
      }
    },
    {
      "@id": "https://raa.gf-franken.de/de/suche-nach-stammbucheintraegen.html?permaLink=1694_kubel;20",
      "collection": {
        "abbr": "RAAE",
        "name": "Repertorium Alborum Amicorum (RAA) - Stammbucheintr\u00e4ge",
        "publisher": "Department Germanistik und Komparatistik der Friedrich-Alexander-Universit\u00e4t Erlangen-N\u00fcrnberg in Zusammenarbeit mit der Gesellschaft f\u00fcr Familienforschung in Franken",
        "icon": "https://www.gf-franken.de/favicon.ico"
      }
    },
    {
      "@id": "https://raa.gf-franken.de/de/suche-nach-stammbucheintraegen.html?permaLink=1707_kitzov;6",
      "collection": {
        "abbr": "RAAE",
        "name": "Repertorium Alborum Amicorum (RAA) - Stammbucheintr\u00e4ge",
        "publisher": "Department Germanistik und Komparatistik der Friedrich-Alexander-Universit\u00e4t Erlangen-N\u00fcrnberg in Zusammenarbeit mit der Gesellschaft f\u00fcr Familienforschung in Franken",
        "icon": "https://www.gf-franken.de/favicon.ico"
      }
    },
    {
      "@id": "https://raa.gf-franken.de/de/suche-nach-stammbucheintraegen.html?permaLink=1712_willemer;21",
      "collection": {
        "abbr": "RAAE",
        "name": "Repertorium Alborum Amicorum (RAA) - Stammbucheintr\u00e4ge",
        "publisher": "Department Germanistik und Komparatistik der Friedrich-Alexander-Universit\u00e4t Erlangen-N\u00fcrnberg in Zusammenarbeit mit der Gesellschaft f\u00fcr Familienforschung in Franken",
        "icon": "https://www.gf-franken.de/favicon.ico"
      }
    },
    {
      "@id": "https://www.archivportal-d.de/person/gnd/104138017",
      "collection": {
        "abbr": "ARCHIV-D",
        "name": "Archivportal-D",
        "publisher": "Deutsche Digitale Bibliothek",
        "icon": "https://www.archivportal-d.de/favicon.ico"
      }
    },
    {
      "@id": "https://www.deutsche-biographie.de/pnd104138017.html#adbcontent",
      "collection": {
        "abbr": "ADB",
        "name": "Allgemeine Deutsche Biographie (ADB)",
        "publisher": "Historische Kommission bei der Bayerischen Akademie der Wissenschaften und Bayerische Staatsbibliothek",
        "icon": "https://www.deutsche-biographie.de/favicon.ico"
      }
    },
    {
      "@id": "https://www.deutsche-digitale-bibliothek.de/person/gnd/104138017",
      "collection": {
        "abbr": "DDB",
        "name": "Deutsche Digitale Bibliothek",
        "publisher": "Deutsche Digitale Bibliothek",
        "icon": "https://www.deutsche-digitale-bibliothek.de/favicon.ico"
      }
    },
    {
      "@id": "https://www.portraitindex.de/dokumente/pnd/104138017",
      "collection": {
        "abbr": "Portraitindex",
        "name": "Digitaler Portraitindex der druckgraphischen Bildnisse der Fru\u0308hen Neuzeit",
        "publisher": "Deutsches Dokumentationszentrum fu\u0308r Kunstgeschichte - Bildarchiv Foto Marburg",
        "icon": "https://www.portraitindex.de/favicon.ico"
      }
    },
    {
      "@id": "http://id.loc.gov/rwo/agents/no98111391",
      "collection": {
        "abbr": "LC",
        "name": "NACO Authority File",
        "publisher": "Library of Congress",
        "icon": "https://www.loc.gov/favicon.ico"
      }
    },
    {
      "@id": "http://viaf.org/viaf/89684396",
      "collection": {
        "abbr": "VIAF",
        "name": "Virtual International Authority File (VIAF)",
        "publisher": "OCLC",
        "icon": "https://viaf.org/viaf/images/viaf.ico"
      }
    },
    {
      "@id": "http://www.wikidata.org/entity/Q1692371",
      "collection": {
        "abbr": "WIKIDATA",
        "name": "Wikidata",
        "publisher": "Wikimedia Foundation Inc.",
        "icon": "https://www.wikidata.org/static/favicon/wikidata.ico"
      }
    },
    {
      "@id": "https://isni.org/isni/0000000447093275",
      "collection": {
        "abbr": "ISNI",
        "name": "International Standard Name Identifier (ISNI)",
        "publisher": "International Standard Name Identifier (ISNI)",
        "icon": "https://www.isni.org/sites/default/files/isni_new_favicon.ico"
      }
    }
  ]
}