{
  "@context": "http://hub.culturegraph.org/entityfacts/context/v1/entityfacts.jsonld",
  "@id": "https://d-nb.info/gnd/104056231",
  "describedBy": {
    "valid": "2026-04-27T11:10:02Z",
    "license": "https://creativecommons.org/publicdomain/zero/1.0/",
    "@id": "https://hub.culturegraph.org/entityfacts/104056231"
  },
  "preferredName": "Kilian Vogler",
  "surname": "Vogler",
  "forename": "Kilian",
  "@type": "person",
  "variantName": [
    "Chilianus Vogler",
    "Chilianus Voglerus",
    "Chilian Vogler",
    "Chilianus Avianus"
  ],
  "dateOfBirth": "1515",
  "dateOfDeath": "1585",
  "placeOfDeath": [
    {
      "@id": "https://d-nb.info/gnd/4061147-4",
      "preferredName": "Tu\u0308bingen"
    }
  ],
  "associatedCountry": [
    {
      "@id": "https://d-nb.info/standards/vocab/gnd/geographic-area-code#XA-DE",
      "preferredName": "Deutschland"
    }
  ],
  "professionOrOccupation": [
    {
      "@id": "https://d-nb.info/gnd/4029050-5",
      "preferredName": "Jurist"
    },
    {
      "@id": "https://d-nb.info/gnd/4025243-7",
      "preferredName": "Hochschullehrer"
    },
    {
      "@id": "https://d-nb.info/gnd/4199252-0",
      "preferredName": "Rektor"
    },
    {
      "@id": "https://d-nb.info/gnd/4160419-2",
      "preferredName": "Hofrat"
    }
  ],
  "gender": {
    "@id": "https://d-nb.info/standards/vocab/gnd/gender#male",
    "label": "Mann"
  },
  "biographicalOrHistoricalInformation": "aus Cannstatt; zuerst Prof. fu\u0308r Ethik, dann Dr. iur. utr. (mindestens seit 1556) und 20 Jahre Professor fu\u0308r Recht an der Universita\u0308t Tu\u0308bingen, auch Rektor der Univ. Tu\u0308bingen; Wu\u0308rttembergischer Rat",
  "relatedPerson": [
    {
      "@id": "https://d-nb.info/gnd/116450681",
      "relationship": "VD-16 Mitverf.",
      "preferredName": "Ambrosius Reuden"
    },
    {
      "@id": "https://d-nb.info/gnd/119606194",
      "relationship": "VD-16 Mitverf.",
      "preferredName": "Andreas Amptmann"
    },
    {
      "@id": "https://d-nb.info/gnd/119654873",
      "relationship": "VD-16 Mitverf.",
      "preferredName": "Martin Dinckel"
    },
    {
      "relationship": "VD-16 Mitverf.",
      "preferredName": "Daniel Ferchel"
    },
    {
      "@id": "https://d-nb.info/gnd/119800330",
      "relationship": "VD-16 Mitverf.",
      "preferredName": "Johannes Theodor Reich"
    },
    {
      "@id": "https://d-nb.info/gnd/119800799",
      "relationship": "VD-16 Mitverf.",
      "preferredName": "Wilhelm Reinecker"
    },
    {
      "@id": "https://d-nb.info/gnd/126261172",
      "relationship": "VD-16 Mitverf.",
      "preferredName": "Michael Reuden"
    },
    {
      "@id": "https://d-nb.info/gnd/115429506",
      "relationship": "VD-16 Mitverf.",
      "preferredName": "Andreas Scho\u0308pfer"
    }
  ],
  "familialRelationship": [
    {
      "@id": "https://d-nb.info/gnd/130342742",
      "relationship": "Ehefrau",
      "preferredName": "Margaretha Kellenbentz"
    }
  ],
  "depiction": {
    "@id": "https://commons.wikimedia.org/wiki/Special:FilePath/Kilian%20Vogler%20%281516-1585%29.jpg",
    "publisher": "Wikimedia Commons",
    "copyrighted": "false",
    "creator": [
      "Philipp Gretter"
    ],
    "creditText": [
      "T\u00fcbinger Professorengalerie"
    ],
    "license": [
      {
        "@id": "https://creativecommons.org/publicdomain/mark/1.0/",
        "abbr": "PD",
        "name": "Public Domain",
        "attributionRequired": "false",
        "restrictions": ""
      }
    ],
    "url": "https://commons.wikimedia.org/wiki/File:Kilian%20Vogler%20%281516-1585%29.jpg?uselang=en",
    "thumbnail": {
      "@id": "https://commons.wikimedia.org/wiki/Special:FilePath/Kilian%20Vogler%20%281516-1585%29.jpg?width=270"
    }
  },
  "sameAs": [
    {
      "@id": "https://d-nb.info/gnd/104056231/about",
      "collection": {
        "abbr": "DNB",
        "name": "Gemeinsame Normdatei (GND) im Katalog der Deutschen Nationalbibliothek",
        "publisher": "Deutsche Nationalbibliothek",
        "icon": "https://www.dnb.de/SiteGlobals/Frontend/DNBWeb/Images/favicon.png?__blob=normal&v=4"
      }
    },
    {
      "@id": "https://de.wikipedia.org/wiki/Kilian_Vogler",
      "collection": {
        "abbr": "dewiki",
        "name": "Wikipedia (Deutsch)",
        "publisher": "Wikimedia Foundation Inc.",
        "icon": "https://de.wikipedia.org/static/favicon/wikipedia.ico"
      }
    },
    {
      "@id": "https://kalliope-verbund.info/gnd/104056231",
      "collection": {
        "abbr": "DE-611",
        "name": "Kalliope Verbundkatalog",
        "publisher": "Staatsbibliothek zu Berlin - Preu\u00dfischer Kulturbesitz",
        "icon": "https://kalliope-verbund.info/img/favicon.ico"
      }
    },
    {
      "@id": "https://raa.gf-franken.de/de/suche-nach-stammbucheintraegen.html?permaLink=1573_ochsenbach;104",
      "collection": {
        "abbr": "RAAE",
        "name": "Repertorium Alborum Amicorum (RAA) - Stammbucheintr\u00e4ge",
        "publisher": "Department Germanistik und Komparatistik der Friedrich-Alexander-Universit\u00e4t Erlangen-N\u00fcrnberg in Zusammenarbeit mit der Gesellschaft f\u00fcr Familienforschung in Franken",
        "icon": "https://www.gf-franken.de/favicon.ico"
      }
    },
    {
      "@id": "https://raa.gf-franken.de/de/suche-nach-stammbucheintraegen.html?permaLink=1575_nne;5",
      "collection": {
        "abbr": "RAAE",
        "name": "Repertorium Alborum Amicorum (RAA) - Stammbucheintr\u00e4ge",
        "publisher": "Department Germanistik und Komparatistik der Friedrich-Alexander-Universit\u00e4t Erlangen-N\u00fcrnberg in Zusammenarbeit mit der Gesellschaft f\u00fcr Familienforschung in Franken",
        "icon": "https://www.gf-franken.de/favicon.ico"
      }
    },
    {
      "@id": "https://www.archivportal-d.de/person/gnd/104056231",
      "collection": {
        "abbr": "ARCHIV-D",
        "name": "Archivportal-D",
        "publisher": "Deutsche Digitale Bibliothek",
        "icon": "https://www.archivportal-d.de/favicon.ico"
      }
    },
    {
      "@id": "https://www.deutsche-digitale-bibliothek.de/person/gnd/104056231",
      "collection": {
        "abbr": "DDB",
        "name": "Deutsche Digitale Bibliothek",
        "publisher": "Deutsche Digitale Bibliothek",
        "icon": "https://www.deutsche-digitale-bibliothek.de/favicon.ico"
      }
    },
    {
      "@id": "https://www.portraitindex.de/dokumente/pnd/104056231",
      "collection": {
        "abbr": "Portraitindex",
        "name": "Digitaler Portraitindex der druckgraphischen Bildnisse der Fru\u0308hen Neuzeit",
        "publisher": "Deutsches Dokumentationszentrum fu\u0308r Kunstgeschichte - Bildarchiv Foto Marburg",
        "icon": "https://www.portraitindex.de/favicon.ico"
      }
    },
    {
      "@id": "http://viaf.org/viaf/12732791",
      "collection": {
        "abbr": "VIAF",
        "name": "Virtual International Authority File (VIAF)",
        "publisher": "OCLC",
        "icon": "https://viaf.org/viaf/images/viaf.ico"
      }
    },
    {
      "@id": "http://www.wikidata.org/entity/Q15823487",
      "collection": {
        "abbr": "WIKIDATA",
        "name": "Wikidata",
        "publisher": "Wikimedia Foundation Inc.",
        "icon": "https://www.wikidata.org/static/favicon/wikidata.ico"
      }
    }
  ]
}