{
  "@context": "http://hub.culturegraph.org/entityfacts/context/v1/entityfacts.jsonld",
  "@id": "https://d-nb.info/gnd/104051450",
  "describedBy": {
    "valid": "2026-04-28T22:34:50Z",
    "license": "https://creativecommons.org/publicdomain/zero/1.0/",
    "@id": "https://hub.culturegraph.org/entityfacts/104051450"
  },
  "preferredName": "Georg Goetze",
  "surname": "Goetze",
  "forename": "Georg",
  "@type": "person",
  "academicDegree": [
    "Lic. theol."
  ],
  "variantName": [
    "George Goetze",
    "Georg Goeze",
    "Georgius Goezius",
    "Georgius Goetzius",
    "George Go\u0308zze",
    "Georg Go\u0308tze",
    "Georg Go\u0308ze",
    "George Go\u0308ze",
    "Georg Go\u0308tz",
    "Georgius Go\u0308tzius",
    "Georg Go\u0308z",
    "Georg Goezius",
    "Georgius Go\u0308tze"
  ],
  "pseudonym": [
    {
      "preferredName": "Gottesfreund"
    },
    {
      "preferredName": "Gottfreund"
    }
  ],
  "dateOfBirth": "June 11, 1633",
  "dateOfDeath": "April 3, 1699",
  "placeOfBirth": [
    {
      "@id": "https://d-nb.info/gnd/7861209-3",
      "preferredName": "Wichmar"
    }
  ],
  "placeOfDeath": [
    {
      "@id": "https://d-nb.info/gnd/4028557-1",
      "preferredName": "Jena"
    }
  ],
  "placeOfActivity": [
    {
      "@id": "https://d-nb.info/gnd/4028557-1",
      "preferredName": "Jena"
    },
    {
      "@id": "https://d-nb.info/gnd/4015240-6",
      "preferredName": "Erfurt"
    },
    {
      "@id": "https://d-nb.info/gnd/4024881-1",
      "preferredName": "Hildesheim"
    }
  ],
  "associatedCountry": [
    {
      "@id": "https://d-nb.info/standards/vocab/gnd/geographic-area-code#XA-DE",
      "preferredName": "Deutschland"
    }
  ],
  "professionOrOccupation": [
    {
      "@id": "https://d-nb.info/gnd/4015882-2",
      "preferredName": "Evangelischer Theologe"
    },
    {
      "@id": "https://d-nb.info/gnd/4045790-4",
      "preferredName": "Philosoph"
    },
    {
      "@id": "https://d-nb.info/gnd/4025243-7",
      "preferredName": "Hochschullehrer"
    },
    {
      "@id": "https://d-nb.info/gnd/4132592-8",
      "preferredName": "Pfarrer"
    },
    {
      "@id": "https://d-nb.info/gnd/4184110-4",
      "preferredName": "Superintendent"
    },
    {
      "@id": "https://d-nb.info/gnd/4398098-3",
      "preferredName": "Generalsuperintendent"
    },
    {
      "@id": "https://d-nb.info/gnd/4210801-9",
      "preferredName": "Hofprediger"
    }
  ],
  "gender": {
    "@id": "https://d-nb.info/standards/vocab/gnd/gender#male",
    "label": "Mann"
  },
  "biographicalOrHistoricalInformation": "Evangelisch-lutherischer Theologe; Poeta laureatus; Schu\u0308ler in Naumburg und Gera; Student in Jena (imm. 1651, imm. als \"non iuravit\" 1647), Magister; 1656 Hauslehrer beim Kanzler Rudolph Wilhelm Krau\u00df in Weimar; 1661 Adjunkt der Phil. Fakulta\u0308t und 1665 Prof. fu\u0308r Ethik an der Univ. Jena; 1672 Lic. theol. in Jena und Pfarrer der Predigerkirche in Erfurt; 1676 dimittiert und Superintendent in Hildesheim; 1684 Generalsuperintendent in Jena; Konsistorialrat",
  "familialRelationship": [
    {
      "@id": "https://d-nb.info/gnd/105280473X",
      "relationship": "Ehefrau",
      "preferredName": "Sophia Regina Goetze"
    },
    {
      "@id": "https://d-nb.info/gnd/138913005",
      "relationship": "Tochter",
      "preferredName": "Anna Dorothee Schro\u0308ter"
    }
  ],
  "depiction": {
    "@id": "https://commons.wikimedia.org/wiki/Special:FilePath/Goetze%20G.jpg",
    "publisher": "Wikimedia Commons",
    "copyrighted": "false",
    "creator": [
      "Christian Romstet"
    ],
    "creditText": [
      "http://diglib.hab.de/varia/portrait/a-07940/origsize/000001.jpg (cropped)"
    ],
    "license": [
      {
        "@id": "https://creativecommons.org/publicdomain/mark/1.0/",
        "abbr": "PD",
        "name": "Public Domain",
        "attributionRequired": "false",
        "restrictions": ""
      }
    ],
    "url": "https://commons.wikimedia.org/wiki/File:Goetze%20G.jpg?uselang=en",
    "thumbnail": {
      "@id": "https://commons.wikimedia.org/wiki/Special:FilePath/Goetze%20G.jpg?width=270"
    }
  },
  "sameAs": [
    {
      "@id": "https://d-nb.info/gnd/104051450/about",
      "collection": {
        "abbr": "DNB",
        "name": "Gemeinsame Normdatei (GND) im Katalog der Deutschen Nationalbibliothek",
        "publisher": "Deutsche Nationalbibliothek",
        "icon": "https://www.dnb.de/SiteGlobals/Frontend/DNBWeb/Images/favicon.png?__blob=normal&v=4"
      }
    },
    {
      "@id": "https://data.judaicalink.org/data/gnd/104051450",
      "collection": {
        "abbr": "JudaicaLink",
        "name": "JudaicaLink",
        "publisher": "Stuttgart Media University",
        "icon": "https://data.judaicalink.org/static/img/favicon.ico"
      }
    },
    {
      "@id": "https://de.wikipedia.org/wiki/Georg_G%C3%B6tze",
      "collection": {
        "abbr": "dewiki",
        "name": "Wikipedia (Deutsch)",
        "publisher": "Wikimedia Foundation Inc.",
        "icon": "https://de.wikipedia.org/static/favicon/wikipedia.ico"
      }
    },
    {
      "@id": "https://kalliope-verbund.info/gnd/104051450",
      "collection": {
        "abbr": "DE-611",
        "name": "Kalliope Verbundkatalog",
        "publisher": "Staatsbibliothek zu Berlin - Preu\u00dfischer Kulturbesitz",
        "icon": "https://kalliope-verbund.info/img/favicon.ico"
      }
    },
    {
      "@id": "https://raa.gf-franken.de/de/suche-nach-stammbucheintraegen.html?permaLink=1680_schoenwald;75",
      "collection": {
        "abbr": "RAAE",
        "name": "Repertorium Alborum Amicorum (RAA) - Stammbucheintr\u00e4ge",
        "publisher": "Department Germanistik und Komparatistik der Friedrich-Alexander-Universit\u00e4t Erlangen-N\u00fcrnberg in Zusammenarbeit mit der Gesellschaft f\u00fcr Familienforschung in Franken",
        "icon": "https://www.gf-franken.de/favicon.ico"
      }
    },
    {
      "@id": "https://www.deutsche-digitale-bibliothek.de/person/gnd/104051450",
      "collection": {
        "abbr": "DDB",
        "name": "Deutsche Digitale Bibliothek",
        "publisher": "Deutsche Digitale Bibliothek",
        "icon": "https://www.deutsche-digitale-bibliothek.de/favicon.ico"
      }
    },
    {
      "@id": "https://www.portraitindex.de/dokumente/pnd/104051450",
      "collection": {
        "abbr": "Portraitindex",
        "name": "Digitaler Portraitindex der druckgraphischen Bildnisse der Fru\u0308hen Neuzeit",
        "publisher": "Deutsches Dokumentationszentrum fu\u0308r Kunstgeschichte - Bildarchiv Foto Marburg",
        "icon": "https://www.portraitindex.de/favicon.ico"
      }
    },
    {
      "@id": "http://id.loc.gov/rwo/agents/no99065811",
      "collection": {
        "abbr": "LC",
        "name": "NACO Authority File",
        "publisher": "Library of Congress",
        "icon": "https://www.loc.gov/favicon.ico"
      }
    },
    {
      "@id": "http://viaf.org/viaf/29959887",
      "collection": {
        "abbr": "VIAF",
        "name": "Virtual International Authority File (VIAF)",
        "publisher": "OCLC",
        "icon": "https://viaf.org/viaf/images/viaf.ico"
      }
    },
    {
      "@id": "http://www.wikidata.org/entity/Q19959629",
      "collection": {
        "abbr": "WIKIDATA",
        "name": "Wikidata",
        "publisher": "Wikimedia Foundation Inc.",
        "icon": "https://www.wikidata.org/static/favicon/wikidata.ico"
      }
    },
    {
      "@id": "https://isni.org/isni/000000011440686X",
      "collection": {
        "abbr": "ISNI",
        "name": "International Standard Name Identifier (ISNI)",
        "publisher": "International Standard Name Identifier (ISNI)",
        "icon": "https://www.isni.org/sites/default/files/isni_new_favicon.ico"
      }
    }
  ]
}