{
  "@context": "http://hub.culturegraph.org/entityfacts/context/v1/entityfacts.jsonld",
  "@id": "https://d-nb.info/gnd/102816956",
  "describedBy": {
    "valid": "2026-05-03T16:18:10Z",
    "license": "https://creativecommons.org/publicdomain/zero/1.0/",
    "@id": "https://hub.culturegraph.org/entityfacts/102816956"
  },
  "preferredName": "Ludwig Gu\u0308nther II., Schwarzburg-Sondershausen, Graf",
  "surname": "Ludwig Gu\u0308nther II., Schwarzburg-Sondershausen, Graf",
  "@type": "person",
  "variantName": [
    "Ludwig Gu\u0308nther, Schwarzburg-Ebeleben, Graf",
    "Ludwig Gu\u0308nther, Schwarzburg-Sondershausen-Ebeleben, Graf",
    "Ludwig Gu\u0308nter II., Schwarzburg-Sondershausen, Graf",
    "Ludwig Gunther II., Schwarzburg-Sondershausen, Graf",
    "Ludwig Gu\u0308nther, Hohenstein, Graf",
    "Ludwig Gu\u0308nther, Schwarzburg, Graf",
    "Ludwig Gunther, Schwartzburg, Graf",
    "Ludwig Gunther, Sondershausen, Graf",
    "Ludwig Gunther, Honstein, Graf",
    "Ludwig Gu\u0308nther, Schwarzburg und Honstein, Graf",
    "Ludwig Gu\u0308nther, Schwarzburg-Honstein, Graf",
    "Ludwig Gu\u0308nther zu Hohenstein",
    "Ludwig Gunther zu Honstein"
  ],
  "pseudonym": [
    {
      "preferredName": "Der Entla\u0308hmende"
    },
    {
      "preferredName": "Der Entla\u0308hmende"
    }
  ],
  "dateOfBirth": "March 2, 1621",
  "dateOfDeath": "July 20, 1681",
  "placeOfBirth": [
    {
      "@id": "https://d-nb.info/gnd/4402670-5",
      "preferredName": "Ebeleben"
    }
  ],
  "placeOfDeath": [
    {
      "@id": "https://d-nb.info/gnd/4402670-5",
      "preferredName": "Ebeleben"
    }
  ],
  "associatedCountry": [
    {
      "@id": "https://d-nb.info/standards/vocab/gnd/geographic-area-code#XA-DE",
      "preferredName": "Deutschland"
    }
  ],
  "gender": {
    "@id": "https://d-nb.info/standards/vocab/gnd/gender#male",
    "label": "Mann"
  },
  "biographicalOrHistoricalInformation": "regierte seit 1642 mit seine Bru\u0308dern und seit 1651 in Ebeleben, Keula und Greu\u00dfen; heiratete 1669 Konkordia Gra\u0308fin zu Sayn-Wittgenstein; Mitglied der Fruchtbringenden Gesellschaft (Der Entla\u0308hmende)",
  "affiliation": [
    {
      "@id": "https://d-nb.info/gnd/2011193-9",
      "preferredName": "Fruchtbringende Gesellschaft"
    }
  ],
  "familialRelationship": [
    {
      "@id": "https://d-nb.info/gnd/120188597",
      "relationship": "Vater",
      "preferredName": "Christian Gu\u0308nther I., Schwarzburg-Sondershausen, Graf"
    },
    {
      "@id": "https://d-nb.info/gnd/104183276",
      "relationship": "Mutter",
      "preferredName": "Anna Sibylla, Schwarzburg-Sondershausen, Gra\u0308fin"
    },
    {
      "@id": "https://d-nb.info/gnd/102764603",
      "relationship": "Bruder",
      "preferredName": "Anton Gu\u0308nther I., Schwarzburg-Sondershausen, Graf"
    },
    {
      "@id": "https://d-nb.info/gnd/102620768",
      "relationship": "Bruder",
      "preferredName": "Christian Gu\u0308nther II., Schwarzburg-Arnstadt, Graf"
    }
  ],
  "sameAs": [
    {
      "@id": "https://d-nb.info/gnd/102816956/about",
      "collection": {
        "abbr": "DNB",
        "name": "Gemeinsame Normdatei (GND) im Katalog der Deutschen Nationalbibliothek",
        "publisher": "Deutsche Nationalbibliothek",
        "icon": "https://www.dnb.de/SiteGlobals/Frontend/DNBWeb/Images/favicon.png?__blob=normal&v=4"
      }
    },
    {
      "@id": "https://de.wikipedia.org/wiki/Ludwig_G%C3%BCnther_II._%28Schwarzburg-Ebeleben%29",
      "collection": {
        "abbr": "dewiki",
        "name": "Wikipedia (Deutsch)",
        "publisher": "Wikimedia Foundation Inc.",
        "icon": "https://de.wikipedia.org/static/favicon/wikipedia.ico"
      }
    },
    {
      "@id": "https://en.wikipedia.org/wiki/Louis_G%C3%BCnther_II%2C_Count_of_Schwarzburg-Ebeleben",
      "collection": {
        "abbr": "enwiki",
        "name": "Wikipedia (English)",
        "publisher": "Wikimedia Foundation Inc.",
        "icon": "https://en.wikipedia.org/static/favicon/wikipedia.ico"
      }
    },
    {
      "@id": "https://kalliope-verbund.info/gnd/102816956",
      "collection": {
        "abbr": "DE-611",
        "name": "Kalliope Verbundkatalog",
        "publisher": "Staatsbibliothek zu Berlin - Preu\u00dfischer Kulturbesitz",
        "icon": "https://kalliope-verbund.info/img/favicon.ico"
      }
    },
    {
      "@id": "https://raa.gf-franken.de/de/suche-nach-stammbucheintraegen.html?permaLink=1652_benz;19",
      "collection": {
        "abbr": "RAAE",
        "name": "Repertorium Alborum Amicorum (RAA) - Stammbucheintr\u00e4ge",
        "publisher": "Department Germanistik und Komparatistik der Friedrich-Alexander-Universit\u00e4t Erlangen-N\u00fcrnberg in Zusammenarbeit mit der Gesellschaft f\u00fcr Familienforschung in Franken",
        "icon": "https://www.gf-franken.de/favicon.ico"
      }
    },
    {
      "@id": "https://www.deutsche-digitale-bibliothek.de/person/gnd/102816956",
      "collection": {
        "abbr": "DDB",
        "name": "Deutsche Digitale Bibliothek",
        "publisher": "Deutsche Digitale Bibliothek",
        "icon": "https://www.deutsche-digitale-bibliothek.de/favicon.ico"
      }
    },
    {
      "@id": "http://viaf.org/viaf/22538032",
      "collection": {
        "abbr": "VIAF",
        "name": "Virtual International Authority File (VIAF)",
        "publisher": "OCLC",
        "icon": "https://viaf.org/viaf/images/viaf.ico"
      }
    },
    {
      "@id": "http://www.wikidata.org/entity/Q1773048",
      "collection": {
        "abbr": "WIKIDATA",
        "name": "Wikidata",
        "publisher": "Wikimedia Foundation Inc.",
        "icon": "https://www.wikidata.org/static/favicon/wikidata.ico"
      }
    }
  ]
}