{
  "@context": "http://hub.culturegraph.org/entityfacts/context/v1/entityfacts.jsonld",
  "@id": "https://d-nb.info/gnd/102387833X",
  "describedBy": {
    "valid": "2026-04-28T21:58:20Z",
    "license": "https://creativecommons.org/publicdomain/zero/1.0/",
    "@id": "https://hub.culturegraph.org/entityfacts/102387833X"
  },
  "preferredName": "Caspar Streso",
  "surname": "Streso",
  "forename": "Caspar",
  "@type": "person",
  "variantName": [
    "Casparus Streso",
    "Kaspar Streso"
  ],
  "dateOfBirth": "1603",
  "dateOfDeath": "May 27, 1664",
  "placeOfDeath": [
    {
      "@id": "https://d-nb.info/gnd/4011446-6",
      "preferredName": "Den Haag"
    }
  ],
  "placeOfActivity": [
    {
      "@id": "https://d-nb.info/gnd/4040608-8",
      "preferredName": "Mu\u0308nster (Westf)"
    },
    {
      "@id": "https://d-nb.info/gnd/4011446-6",
      "preferredName": "Den Haag"
    }
  ],
  "associatedCountry": [
    {
      "@id": "https://d-nb.info/standards/vocab/gnd/geographic-area-code#XA-DE",
      "preferredName": "Deutschland"
    },
    {
      "@id": "https://d-nb.info/standards/vocab/gnd/geographic-area-code#XA-NL",
      "preferredName": "Niederlande"
    }
  ],
  "professionOrOccupation": [
    {
      "@id": "https://d-nb.info/gnd/4059756-8",
      "preferredName": "Theologe"
    },
    {
      "@id": "https://d-nb.info/gnd/4132592-8",
      "preferredName": "Pfarrer"
    },
    {
      "@id": "https://d-nb.info/gnd/4130322-2",
      "preferredName": "Prediger"
    }
  ],
  "gender": {
    "@id": "https://d-nb.info/standards/vocab/gnd/gender#male",
    "label": "Mann"
  },
  "biographicalOrHistoricalInformation": "Dt.-niederla\u0308nd. reform. Theologe; vermutlich aus Gu\u0308sten (Anhalt); 1637-1638 Prediger in Mu\u0308nster, dann Prediger in Den Haag",
  "familialRelationship": [
    {
      "@id": "https://d-nb.info/gnd/120763346",
      "relationship": "Vater [?]",
      "preferredName": "Adam Streso"
    }
  ],
  "depiction": {
    "@id": "https://commons.wikimedia.org/wiki/Special:FilePath/Portret%20van%20de%20predikant%20Caspar%20Streso.%20NL-HlmNHA%201477%2053009880.JPG",
    "publisher": "Wikimedia Commons",
    "copyrighted": "false",
    "creator": [
      "Matham, Theodor (1605/1606-1676), Lengele, Martinus (?-1668)"
    ],
    "creditText": [
      "https://hdl.handle.net/21.12102/e3348666-4061-98c6-9786-3b385dacae05"
    ],
    "license": [
      {
        "@id": "https://creativecommons.org/publicdomain/mark/1.0/",
        "abbr": "PD",
        "name": "Public Domain",
        "attributionRequired": "false",
        "restrictions": ""
      }
    ],
    "url": "https://commons.wikimedia.org/wiki/File:Portret%20van%20de%20predikant%20Caspar%20Streso.%20NL-HlmNHA%201477%2053009880.JPG?uselang=en",
    "thumbnail": {
      "@id": "https://commons.wikimedia.org/wiki/Special:FilePath/Portret%20van%20de%20predikant%20Caspar%20Streso.%20NL-HlmNHA%201477%2053009880.JPG?width=270"
    }
  },
  "sameAs": [
    {
      "@id": "https://d-nb.info/gnd/102387833X/about",
      "collection": {
        "abbr": "DNB",
        "name": "Gemeinsame Normdatei (GND) im Katalog der Deutschen Nationalbibliothek",
        "publisher": "Deutsche Nationalbibliothek",
        "icon": "https://www.dnb.de/SiteGlobals/Frontend/DNBWeb/Images/favicon.png?__blob=normal&v=4"
      }
    },
    {
      "@id": "https://kalliope-verbund.info/gnd/102387833X",
      "collection": {
        "abbr": "DE-611",
        "name": "Kalliope Verbundkatalog",
        "publisher": "Staatsbibliothek zu Berlin - Preu\u00dfischer Kulturbesitz",
        "icon": "https://kalliope-verbund.info/img/favicon.ico"
      }
    },
    {
      "@id": "https://raa.gf-franken.de/de/suche-nach-stammbucheintraegen.html?permaLink=1651_zaunschliffer;45",
      "collection": {
        "abbr": "RAAE",
        "name": "Repertorium Alborum Amicorum (RAA) - Stammbucheintr\u00e4ge",
        "publisher": "Department Germanistik und Komparatistik der Friedrich-Alexander-Universit\u00e4t Erlangen-N\u00fcrnberg in Zusammenarbeit mit der Gesellschaft f\u00fcr Familienforschung in Franken",
        "icon": "https://www.gf-franken.de/favicon.ico"
      }
    },
    {
      "@id": "https://www.deutsche-digitale-bibliothek.de/person/gnd/102387833X",
      "collection": {
        "abbr": "DDB",
        "name": "Deutsche Digitale Bibliothek",
        "publisher": "Deutsche Digitale Bibliothek",
        "icon": "https://www.deutsche-digitale-bibliothek.de/favicon.ico"
      }
    },
    {
      "@id": "http://viaf.org/viaf/208245549",
      "collection": {
        "abbr": "VIAF",
        "name": "Virtual International Authority File (VIAF)",
        "publisher": "OCLC",
        "icon": "https://viaf.org/viaf/images/viaf.ico"
      }
    },
    {
      "@id": "http://www.wikidata.org/entity/Q52149198",
      "collection": {
        "abbr": "WIKIDATA",
        "name": "Wikidata",
        "publisher": "Wikimedia Foundation Inc.",
        "icon": "https://www.wikidata.org/static/favicon/wikidata.ico"
      }
    },
    {
      "@id": "https://isni.org/isni/000000035871069X",
      "collection": {
        "abbr": "ISNI",
        "name": "International Standard Name Identifier (ISNI)",
        "publisher": "International Standard Name Identifier (ISNI)",
        "icon": "https://www.isni.org/sites/default/files/isni_new_favicon.ico"
      }
    }
  ]
}