{
  "@context": "http://hub.culturegraph.org/entityfacts/context/v1/entityfacts.jsonld",
  "@id": "https://d-nb.info/gnd/10211787X",
  "describedBy": {
    "valid": "2026-04-28T18:10:39Z",
    "license": "https://creativecommons.org/publicdomain/zero/1.0/",
    "@id": "https://hub.culturegraph.org/entityfacts/10211787X"
  },
  "preferredName": "Friedrich IV., Braunschweig-Lu\u0308neburg, Herzog",
  "surname": "Friedrich IV., Braunschweig-Lu\u0308neburg, Herzog",
  "@type": "person",
  "titleOfNobility": [
    "Herzog"
  ],
  "variantName": [
    "Friederich, Braunschweig-Lu\u0308neburg, Herzog",
    "Friedrich, Celle, Herzog",
    "Friedrich, Braunschweig, Herzog",
    "Friederich, Braunschweig und Lu\u0308neburg, Herzog",
    "Fridericus, Brunsvicum-Luneburgum, Dux",
    "Friedrich, Braunschweig und Lu\u0308neburg, Herzog",
    "Fridericus, Brunsvica et Luneburga, Dux",
    "Fridericus, Brunsvicensis et Lyneburgensis, Dux",
    "Fridericus, Brunsvica-Luneburga, Dux",
    "Friedreich, Braunschweig und Lu\u0308neburg, Hertzog",
    "Fridericus, Brunsvicensis et Luneburgensis, Dux"
  ],
  "dateOfBirth": "August 28, 1574",
  "dateOfDeath": "December 10, 1648",
  "placeOfBirth": [
    {
      "@id": "https://d-nb.info/gnd/4009657-9",
      "preferredName": "Celle"
    }
  ],
  "placeOfDeath": [
    {
      "@id": "https://d-nb.info/gnd/4009657-9",
      "preferredName": "Celle"
    }
  ],
  "placeOfActivity": [
    {
      "@id": "https://d-nb.info/gnd/4094622-8",
      "preferredName": "Hamburg-Harburg"
    }
  ],
  "associatedCountry": [
    {
      "@id": "https://d-nb.info/standards/vocab/gnd/geographic-area-code#XA-DE",
      "preferredName": "Deutschland"
    }
  ],
  "gender": {
    "@id": "https://d-nb.info/standards/vocab/gnd/gender#male",
    "label": "Mann"
  },
  "biographicalOrHistoricalInformation": "Domherr (1602) u. Dompropst (1603) zu Bremen, Propst zu Bu\u0308cken (1604), Domherr zu Verden (1619), Koadjutor des Stifts Ratzeburg (1643); Herr in Celle (seit 1636) u. Harburg (seit 1643)",
  "familialRelationship": [
    {
      "@id": "https://d-nb.info/gnd/134198158",
      "relationship": "Vater",
      "preferredName": "Wilhelm, Braunschweig-Lu\u0308neburg, Herzog"
    },
    {
      "@id": "https://d-nb.info/gnd/102117977",
      "relationship": "Neffe",
      "preferredName": "Christian Ludwig, Braunschweig-Lu\u0308neburg, Herzog"
    }
  ],
  "depiction": {
    "@id": "https://commons.wikimedia.org/wiki/Special:FilePath/Friedrich%20IV.%20Braunschweig-L%C3%BCneburg%20%281574-1648%29.jpg",
    "publisher": "Wikimedia Commons",
    "copyrighted": "false",
    "creator": [
      "Unidentified painter"
    ],
    "creditText": [
      "http://www.royaltyguide.nl/images-families/welfen/braunschweigluneburg1/1574%20Friedrich.jpg"
    ],
    "license": [
      {
        "@id": "https://creativecommons.org/publicdomain/mark/1.0/",
        "abbr": "PD",
        "name": "Public Domain",
        "attributionRequired": "false",
        "restrictions": ""
      }
    ],
    "url": "https://commons.wikimedia.org/wiki/File:Friedrich%20IV.%20Braunschweig-L%C3%BCneburg%20%281574-1648%29.jpg?uselang=en",
    "thumbnail": {
      "@id": "https://commons.wikimedia.org/wiki/Special:FilePath/Friedrich%20IV.%20Braunschweig-L%C3%BCneburg%20%281574-1648%29.jpg?width=270"
    }
  },
  "sameAs": [
    {
      "@id": "https://d-nb.info/gnd/10211787X/about",
      "collection": {
        "abbr": "DNB",
        "name": "Gemeinsame Normdatei (GND) im Katalog der Deutschen Nationalbibliothek",
        "publisher": "Deutsche Nationalbibliothek",
        "icon": "https://www.dnb.de/SiteGlobals/Frontend/DNBWeb/Images/favicon.png?__blob=normal&v=4"
      }
    },
    {
      "@id": "https://de.wikipedia.org/wiki/Friedrich_IV._%28Braunschweig-L%C3%BCneburg%29",
      "collection": {
        "abbr": "dewiki",
        "name": "Wikipedia (Deutsch)",
        "publisher": "Wikimedia Foundation Inc.",
        "icon": "https://de.wikipedia.org/static/favicon/wikipedia.ico"
      }
    },
    {
      "@id": "https://en.wikipedia.org/wiki/Frederick_IV%2C_Duke_of_Brunswick-L%C3%BCneburg",
      "collection": {
        "abbr": "enwiki",
        "name": "Wikipedia (English)",
        "publisher": "Wikimedia Foundation Inc.",
        "icon": "https://en.wikipedia.org/static/favicon/wikipedia.ico"
      }
    },
    {
      "@id": "https://kalliope-verbund.info/gnd/10211787X",
      "collection": {
        "abbr": "DE-611",
        "name": "Kalliope Verbundkatalog",
        "publisher": "Staatsbibliothek zu Berlin - Preu\u00dfischer Kulturbesitz",
        "icon": "https://kalliope-verbund.info/img/favicon.ico"
      }
    },
    {
      "@id": "https://raa.gf-franken.de/de/suche-nach-stammbucheintraegen.html?permaLink=1586_nn3;3",
      "collection": {
        "abbr": "RAAE",
        "name": "Repertorium Alborum Amicorum (RAA) - Stammbucheintr\u00e4ge",
        "publisher": "Department Germanistik und Komparatistik der Friedrich-Alexander-Universit\u00e4t Erlangen-N\u00fcrnberg in Zusammenarbeit mit der Gesellschaft f\u00fcr Familienforschung in Franken",
        "icon": "https://www.gf-franken.de/favicon.ico"
      }
    },
    {
      "@id": "https://raa.gf-franken.de/de/suche-nach-stammbucheintraegen.html?permaLink=1607_hausen;2",
      "collection": {
        "abbr": "RAAE",
        "name": "Repertorium Alborum Amicorum (RAA) - Stammbucheintr\u00e4ge",
        "publisher": "Department Germanistik und Komparatistik der Friedrich-Alexander-Universit\u00e4t Erlangen-N\u00fcrnberg in Zusammenarbeit mit der Gesellschaft f\u00fcr Familienforschung in Franken",
        "icon": "https://www.gf-franken.de/favicon.ico"
      }
    },
    {
      "@id": "https://www.deutsche-digitale-bibliothek.de/person/gnd/10211787X",
      "collection": {
        "abbr": "DDB",
        "name": "Deutsche Digitale Bibliothek",
        "publisher": "Deutsche Digitale Bibliothek",
        "icon": "https://www.deutsche-digitale-bibliothek.de/favicon.ico"
      }
    },
    {
      "@id": "https://www.portraitindex.de/dokumente/pnd/10211787X",
      "collection": {
        "abbr": "Portraitindex",
        "name": "Digitaler Portraitindex der druckgraphischen Bildnisse der Fru\u0308hen Neuzeit",
        "publisher": "Deutsches Dokumentationszentrum fu\u0308r Kunstgeschichte - Bildarchiv Foto Marburg",
        "icon": "https://www.portraitindex.de/favicon.ico"
      }
    },
    {
      "@id": "http://id.loc.gov/rwo/agents/n85144077",
      "collection": {
        "abbr": "LC",
        "name": "NACO Authority File",
        "publisher": "Library of Congress",
        "icon": "https://www.loc.gov/favicon.ico"
      }
    },
    {
      "@id": "http://viaf.org/viaf/10229492",
      "collection": {
        "abbr": "VIAF",
        "name": "Virtual International Authority File (VIAF)",
        "publisher": "OCLC",
        "icon": "https://viaf.org/viaf/images/viaf.ico"
      }
    },
    {
      "@id": "http://www.wikidata.org/entity/Q68652",
      "collection": {
        "abbr": "WIKIDATA",
        "name": "Wikidata",
        "publisher": "Wikimedia Foundation Inc.",
        "icon": "https://www.wikidata.org/static/favicon/wikidata.ico"
      }
    },
    {
      "@id": "https://isni.org/isni/0000000374278884",
      "collection": {
        "abbr": "ISNI",
        "name": "International Standard Name Identifier (ISNI)",
        "publisher": "International Standard Name Identifier (ISNI)",
        "icon": "https://www.isni.org/sites/default/files/isni_new_favicon.ico"
      }
    }
  ]
}