{
  "@context": "http://hub.culturegraph.org/entityfacts/context/v1/entityfacts.jsonld",
  "@id": "https://d-nb.info/gnd/1020676612",
  "describedBy": {
    "valid": "2026-04-28T05:44:31Z",
    "license": "https://creativecommons.org/publicdomain/zero/1.0/",
    "@id": "https://hub.culturegraph.org/entityfacts/1020676612"
  },
  "preferredName": "Johann Siegmund von Wagensperg",
  "surname": "Wagensperg",
  "prefix": "von",
  "forename": "Johann Siegmund",
  "@type": "person",
  "titleOfNobility": [
    "Graf"
  ],
  "variantName": [
    "Johann Siegmund Wagen von Wagensperg",
    "Johann Sigismund von Wagensperg",
    "Hans Sigmund Wagen von Wagensperg",
    "Johannes Sigismund von Wagen",
    "Johannes Sigismund von Wagen",
    "Johannes Sigismundus Wagn",
    "Joannes Sigismundus Wagen"
  ],
  "dateOfBirth": "January 18, 1574",
  "dateOfDeath": "November 28, 1640",
  "placeOfDeath": [
    {
      "@id": "https://d-nb.info/gnd/4021912-4",
      "preferredName": "Graz"
    }
  ],
  "placeOfActivity": [
    {
      "@id": "https://d-nb.info/gnd/4021912-4",
      "preferredName": "Graz"
    }
  ],
  "associatedCountry": [
    {
      "@id": "https://d-nb.info/standards/vocab/gnd/geographic-area-code#XA-AT",
      "preferredName": "\u00d6sterreich"
    }
  ],
  "professionOrOccupation": [
    {
      "@id": "https://d-nb.info/gnd/4162987-5",
      "preferredName": "Ka\u0308mmerer"
    },
    {
      "@id": "https://d-nb.info/gnd/4156312-8",
      "preferredName": "Geheimer Rat"
    },
    {
      "@id": "https://d-nb.info/gnd/4057007-1",
      "preferredName": "Statthalter"
    }
  ],
  "gender": {
    "@id": "https://d-nb.info/standards/vocab/gnd/gender#male",
    "label": "Mann"
  },
  "biographicalOrHistoricalInformation": "Land- u. Hofrechtebesitzer; verordneter Landesverweser u. Landesverwalter in Steiermark; Hofkammerrat von Erzherzog Ferdinand; Hofkammerpra\u0308sident u. Statthalter in Niedero\u0308sterreich; auch in Diensten von Kaiser Ferdinand II. und Ferdinand III. als Geheimer Rat ; Verf. im VD-16",
  "relatedPerson": [
    {
      "@id": "https://d-nb.info/gnd/119680319",
      "relationship": "VD-16 Mitverf.",
      "preferredName": "Nikolaus Gablmann"
    }
  ],
  "sameAs": [
    {
      "@id": "https://d-nb.info/gnd/1020676612/about",
      "collection": {
        "abbr": "DNB",
        "name": "Gemeinsame Normdatei (GND) im Katalog der Deutschen Nationalbibliothek",
        "publisher": "Deutsche Nationalbibliothek",
        "icon": "https://www.dnb.de/SiteGlobals/Frontend/DNBWeb/Images/favicon.png?__blob=normal&v=4"
      }
    },
    {
      "@id": "https://isni.org/isni/0000000367412715",
      "collection": {
        "abbr": "ISNI",
        "name": "International Standard Name Identifier (ISNI)",
        "publisher": "International Standard Name Identifier (ISNI)",
        "icon": "https://www.isni.org/sites/default/files/isni_new_favicon.ico"
      }
    },
    {
      "@id": "https://kaiserhof.geschichte.lmu.de/Q/GND=1020676612",
      "collection": {
        "abbr": "KH",
        "name": "Kaiser und H\u00f6fe",
        "publisher": "Ludwig-Maximilians-Universit\u00e4t M\u00fcnchen - Historisches Seminar - Fr\u00fche Neuzeit",
        "icon": "https://kaiserhof.geschichte.lmu.de/favicon.ico"
      }
    },
    {
      "@id": "https://www.deutsche-digitale-bibliothek.de/person/gnd/1020676612",
      "collection": {
        "abbr": "DDB",
        "name": "Deutsche Digitale Bibliothek",
        "publisher": "Deutsche Digitale Bibliothek",
        "icon": "https://www.deutsche-digitale-bibliothek.de/favicon.ico"
      }
    },
    {
      "@id": "https://www.portraitindex.de/dokumente/pnd/1020676612",
      "collection": {
        "abbr": "Portraitindex",
        "name": "Digitaler Portraitindex der druckgraphischen Bildnisse der Fru\u0308hen Neuzeit",
        "publisher": "Deutsches Dokumentationszentrum fu\u0308r Kunstgeschichte - Bildarchiv Foto Marburg",
        "icon": "https://www.portraitindex.de/favicon.ico"
      }
    },
    {
      "@id": "http://viaf.org/viaf/233274895",
      "collection": {
        "abbr": "VIAF",
        "name": "Virtual International Authority File (VIAF)",
        "publisher": "OCLC",
        "icon": "https://viaf.org/viaf/images/viaf.ico"
      }
    },
    {
      "@id": "http://www.wikidata.org/entity/Q55228844",
      "collection": {
        "abbr": "WIKIDATA",
        "name": "Wikidata",
        "publisher": "Wikimedia Foundation Inc.",
        "icon": "https://www.wikidata.org/static/favicon/wikidata.ico"
      }
    },
    {
      "@id": "https://isni.org/isni/0000000367412715",
      "collection": {
        "abbr": "ISNI",
        "name": "International Standard Name Identifier (ISNI)",
        "publisher": "International Standard Name Identifier (ISNI)",
        "icon": "https://www.isni.org/sites/default/files/isni_new_favicon.ico"
      }
    }
  ]
}