{
  "@context": "http://hub.culturegraph.org/entityfacts/context/v1/entityfacts.jsonld",
  "@id": "https://d-nb.info/gnd/1017475636",
  "describedBy": {
    "valid": "2026-05-03T16:09:20Z",
    "license": "https://creativecommons.org/publicdomain/zero/1.0/",
    "@id": "https://hub.culturegraph.org/entityfacts/1017475636"
  },
  "preferredName": "Pierre Moreau",
  "surname": "Moreau",
  "forename": "Pierre",
  "@type": "person",
  "variantName": [
    "Petrus Moreaus",
    "Petrus Moraeus",
    "Pierre Moreaw",
    "Petrus, Moreaus Tornacensis"
  ],
  "dateOfBirth": "XX.XX.1555",
  "dateOfDeath": "December 28, 1600",
  "placeOfBirth": [
    {
      "@id": "https://d-nb.info/gnd/4060524-3",
      "preferredName": "Tournai"
    }
  ],
  "placeOfDeath": [
    {
      "@id": "https://d-nb.info/gnd/4011369-3",
      "preferredName": "Delft"
    }
  ],
  "placeOfActivity": [
    {
      "@id": "https://d-nb.info/gnd/4020176-4",
      "preferredName": "Gent"
    },
    {
      "@id": "https://d-nb.info/gnd/4065697-4",
      "preferredName": "Wesel"
    }
  ],
  "associatedCountry": [
    {
      "@id": "https://d-nb.info/standards/vocab/gnd/geographic-area-code#XA-BE",
      "preferredName": "Belgien"
    },
    {
      "@id": "https://d-nb.info/standards/vocab/gnd/geographic-area-code#XA-NL",
      "preferredName": "Niederlande"
    },
    {
      "@id": "https://d-nb.info/standards/vocab/gnd/geographic-area-code#XA-DE",
      "preferredName": "Deutschland"
    }
  ],
  "professionOrOccupation": [
    {
      "@id": "https://d-nb.info/gnd/4059756-8",
      "preferredName": "Theologe"
    },
    {
      "@id": "https://d-nb.info/gnd/4130322-2",
      "preferredName": "Prediger"
    }
  ],
  "gender": {
    "@id": "https://d-nb.info/standards/vocab/gnd/gender#male",
    "label": "Mann"
  },
  "biographicalOrHistoricalInformation": "Calvinister Theologe; zuna\u0308chst in Gent, danach in Delft; 26.03.1585 Neubu\u0308rger von Wesel",
  "familialRelationship": [
    {
      "@id": "https://d-nb.info/gnd/1162578777",
      "relationship": "Schwager",
      "preferredName": "Tilemannus de Neufville"
    }
  ],
  "depiction": {
    "@id": "https://commons.wikimedia.org/wiki/Special:FilePath/Portret%20van%20Petrus%20Moraeus%20op%2045-jarige%20leeftijd%2C%20RP-P-1944-813.jpg",
    "publisher": "Wikimedia Commons",
    "copyrighted": "true",
    "creator": [
      "Rijksmuseum"
    ],
    "creditText": [
      "http://hdl.handle.net/10934/RM0001.COLLECT.103205"
    ],
    "license": [
      {
        "@id": "http://creativecommons.org/publicdomain/zero/1.0/deed.en",
        "abbr": "CC0",
        "name": "Creative Commons Zero, Public Domain Dedication",
        "attributionRequired": "false",
        "restrictions": ""
      }
    ],
    "url": "https://commons.wikimedia.org/wiki/File:Portret%20van%20Petrus%20Moraeus%20op%2045-jarige%20leeftijd%2C%20RP-P-1944-813.jpg?uselang=en",
    "thumbnail": {
      "@id": "https://commons.wikimedia.org/wiki/Special:FilePath/Portret%20van%20Petrus%20Moraeus%20op%2045-jarige%20leeftijd%2C%20RP-P-1944-813.jpg?width=270"
    }
  },
  "sameAs": [
    {
      "@id": "https://d-nb.info/gnd/1017475636/about",
      "collection": {
        "abbr": "DNB",
        "name": "Gemeinsame Normdatei (GND) im Katalog der Deutschen Nationalbibliothek",
        "publisher": "Deutsche Nationalbibliothek",
        "icon": "https://www.dnb.de/SiteGlobals/Frontend/DNBWeb/Images/favicon.png?__blob=normal&v=4"
      }
    },
    {
      "@id": "https://raa.gf-franken.de/de/suche-nach-stammbuechern.html?permaLink=1580_moraeus",
      "collection": {
        "abbr": "RAAS",
        "name": "Repertorium Alborum Amicorum (RAA) - Stammb\u00fccher",
        "publisher": "Department Germanistik und Komparatistik der Friedrich-Alexander-Universit\u00e4t Erlangen-N\u00fcrnberg in Zusammenarbeit mit der Gesellschaft f\u00fcr Familienforschung in Franken",
        "icon": "https://www.gf-franken.de/favicon.ico"
      }
    },
    {
      "@id": "https://www.deutsche-digitale-bibliothek.de/person/gnd/1017475636",
      "collection": {
        "abbr": "DDB",
        "name": "Deutsche Digitale Bibliothek",
        "publisher": "Deutsche Digitale Bibliothek",
        "icon": "https://www.deutsche-digitale-bibliothek.de/favicon.ico"
      }
    },
    {
      "@id": "https://www.portraitindex.de/dokumente/pnd/1017475636",
      "collection": {
        "abbr": "Portraitindex",
        "name": "Digitaler Portraitindex der druckgraphischen Bildnisse der Fru\u0308hen Neuzeit",
        "publisher": "Deutsches Dokumentationszentrum fu\u0308r Kunstgeschichte - Bildarchiv Foto Marburg",
        "icon": "https://www.portraitindex.de/favicon.ico"
      }
    },
    {
      "@id": "http://viaf.org/viaf/209820548",
      "collection": {
        "abbr": "VIAF",
        "name": "Virtual International Authority File (VIAF)",
        "publisher": "OCLC",
        "icon": "https://viaf.org/viaf/images/viaf.ico"
      }
    },
    {
      "@id": "http://www.wikidata.org/entity/Q94893948",
      "collection": {
        "abbr": "WIKIDATA",
        "name": "Wikidata",
        "publisher": "Wikimedia Foundation Inc.",
        "icon": "https://www.wikidata.org/static/favicon/wikidata.ico"
      }
    }
  ]
}