{
  "@context": "http://hub.culturegraph.org/entityfacts/context/v1/entityfacts.jsonld",
  "@id": "https://d-nb.info/gnd/101051050",
  "describedBy": {
    "valid": "2026-05-03T16:08:49Z",
    "license": "https://creativecommons.org/publicdomain/zero/1.0/",
    "@id": "https://hub.culturegraph.org/entityfacts/101051050"
  },
  "preferredName": "Paul Graseck",
  "surname": "Graseck",
  "forename": "Paul",
  "@type": "person",
  "academicDegree": [
    "Prof."
  ],
  "variantName": [
    "Paulus Graseck",
    "Paulus Graseckius",
    "Paul Graseccius",
    "Paullus Graseccius",
    "Paulus Graseccius",
    "Paulus Grasecius",
    "Paulus Grasekius"
  ],
  "dateOfBirth": "1562",
  "dateOfDeath": "1604",
  "placeOfBirth": [
    {
      "@id": "https://d-nb.info/gnd/4057878-1",
      "preferredName": "Stra\u00dfburg"
    }
  ],
  "associatedCountry": [
    {
      "@id": "https://d-nb.info/standards/vocab/gnd/geographic-area-code#XA-DE",
      "preferredName": "Deutschland"
    },
    {
      "@id": "https://d-nb.info/standards/vocab/gnd/geographic-area-code#XA-FR",
      "preferredName": "Frankreich"
    }
  ],
  "professionOrOccupation": [
    {
      "@id": "https://d-nb.info/gnd/4029050-5",
      "preferredName": "Jurist"
    }
  ],
  "gender": {
    "@id": "https://d-nb.info/standards/vocab/gnd/gender#male",
    "label": "Mann"
  },
  "relatedPerson": [
    {
      "@id": "https://d-nb.info/gnd/119717875",
      "relationship": "VD-16 Mitverf.",
      "preferredName": "Theodor von Hyllensberg"
    },
    {
      "relationship": "VD-16 Mitverf.",
      "preferredName": "Johannes von Ko\u0308tteritz"
    },
    {
      "@id": "https://d-nb.info/gnd/119654547",
      "relationship": "VD-16 Mitverf.",
      "preferredName": "Erasmus von Dietrichstain"
    },
    {
      "@id": "https://d-nb.info/gnd/115502939",
      "relationship": "VD-16 Mitverf.",
      "preferredName": "Zacharias Biccius"
    },
    {
      "relationship": "Hanau; VD-16 Mitverf.",
      "preferredName": "Kaspar Faber"
    },
    {
      "relationship": "VD-16 Mitverf.",
      "preferredName": "Jan von Ko\u0308tteritz"
    },
    {
      "relationship": "VD-16 Mitverf.",
      "preferredName": "Johannes Rembold Funck"
    },
    {
      "@id": "https://d-nb.info/gnd/119773309",
      "relationship": "VD-16 Mitverf.",
      "preferredName": "Martin Neurath"
    },
    {
      "relationship": "VD-16 Mitverf.",
      "preferredName": "Johannes Jakob Schade"
    },
    {
      "@id": "https://d-nb.info/gnd/119785579",
      "relationship": "VD-16 Mitverf.",
      "preferredName": "Jakob Petrus"
    }
  ],
  "sameAs": [
    {
      "@id": "https://d-nb.info/gnd/101051050/about",
      "collection": {
        "abbr": "DNB",
        "name": "Gemeinsame Normdatei (GND) im Katalog der Deutschen Nationalbibliothek",
        "publisher": "Deutsche Nationalbibliothek",
        "icon": "https://www.dnb.de/SiteGlobals/Frontend/DNBWeb/Images/favicon.png?__blob=normal&v=4"
      }
    },
    {
      "@id": "https://kalliope-verbund.info/gnd/101051050",
      "collection": {
        "abbr": "DE-611",
        "name": "Kalliope Verbundkatalog",
        "publisher": "Staatsbibliothek zu Berlin - Preu\u00dfischer Kulturbesitz",
        "icon": "https://kalliope-verbund.info/img/favicon.ico"
      }
    },
    {
      "@id": "https://raa.gf-franken.de/de/suche-nach-stammbucheintraegen.html?permaLink=1591_brtnicky;141",
      "collection": {
        "abbr": "RAAE",
        "name": "Repertorium Alborum Amicorum (RAA) - Stammbucheintr\u00e4ge",
        "publisher": "Department Germanistik und Komparatistik der Friedrich-Alexander-Universit\u00e4t Erlangen-N\u00fcrnberg in Zusammenarbeit mit der Gesellschaft f\u00fcr Familienforschung in Franken",
        "icon": "https://www.gf-franken.de/favicon.ico"
      }
    },
    {
      "@id": "https://www.deutsche-digitale-bibliothek.de/person/gnd/101051050",
      "collection": {
        "abbr": "DDB",
        "name": "Deutsche Digitale Bibliothek",
        "publisher": "Deutsche Digitale Bibliothek",
        "icon": "https://www.deutsche-digitale-bibliothek.de/favicon.ico"
      }
    },
    {
      "@id": "https://www.portraitindex.de/dokumente/pnd/101051050",
      "collection": {
        "abbr": "Portraitindex",
        "name": "Digitaler Portraitindex der druckgraphischen Bildnisse der Fru\u0308hen Neuzeit",
        "publisher": "Deutsches Dokumentationszentrum fu\u0308r Kunstgeschichte - Bildarchiv Foto Marburg",
        "icon": "https://www.portraitindex.de/favicon.ico"
      }
    },
    {
      "@id": "http://viaf.org/viaf/49582651",
      "collection": {
        "abbr": "VIAF",
        "name": "Virtual International Authority File (VIAF)",
        "publisher": "OCLC",
        "icon": "https://viaf.org/viaf/images/viaf.ico"
      }
    },
    {
      "@id": "http://www.wikidata.org/entity/Q131695324",
      "collection": {
        "abbr": "WIKIDATA",
        "name": "Wikidata",
        "publisher": "Wikimedia Foundation Inc.",
        "icon": "https://www.wikidata.org/static/favicon/wikidata.ico"
      }
    },
    {
      "@id": "https://isni.org/isni/0000000002135743",
      "collection": {
        "abbr": "ISNI",
        "name": "International Standard Name Identifier (ISNI)",
        "publisher": "International Standard Name Identifier (ISNI)",
        "icon": "https://www.isni.org/sites/default/files/isni_new_favicon.ico"
      }
    }
  ]
}