{
  "@context": "http://hub.culturegraph.org/entityfacts/context/v1/entityfacts.jsonld",
  "@id": "https://d-nb.info/gnd/100974325",
  "describedBy": {
    "valid": "2026-04-27T21:27:16Z",
    "license": "https://creativecommons.org/publicdomain/zero/1.0/",
    "@id": "https://hub.culturegraph.org/entityfacts/100974325"
  },
  "preferredName": "Eilhard Lubin",
  "surname": "Lubin",
  "forename": "Eilhard",
  "@type": "person",
  "variantName": [
    "Eilhard Lubbin",
    "Eilhartus Lubinus",
    "Eilhard Lubinus",
    "Eilhard Lu\u0308bbin",
    "Eilert Lubbin",
    "Eilhard Lu\u0308bben",
    "Eilert Lu\u0308bben",
    "Eilhardus Lubin",
    "E. Lubino",
    "E. Lubinus",
    "Eilhardus Lubinus",
    "Eilhardus Lubbinus",
    "Eilhardus, Lubinus"
  ],
  "dateOfBirth": "March 24, 1565",
  "dateOfDeath": "June 2, 1621",
  "placeOfBirth": [
    {
      "@id": "https://d-nb.info/gnd/4065772-3",
      "preferredName": "Westerstede"
    }
  ],
  "placeOfDeath": [
    {
      "@id": "https://d-nb.info/gnd/4050610-1",
      "preferredName": "Rostock"
    }
  ],
  "placeOfActivity": [
    {
      "@id": "https://d-nb.info/gnd/4050610-1",
      "preferredName": "Rostock"
    }
  ],
  "associatedCountry": [
    {
      "@id": "https://d-nb.info/standards/vocab/gnd/geographic-area-code#XA-DE",
      "preferredName": "Deutschland"
    }
  ],
  "professionOrOccupation": [
    {
      "@id": "https://d-nb.info/gnd/4059756-8",
      "preferredName": "Theologe"
    },
    {
      "@id": "https://d-nb.info/gnd/4045790-4",
      "preferredName": "Philosoph"
    },
    {
      "@id": "https://d-nb.info/gnd/4029820-6",
      "preferredName": "Kartograf"
    }
  ],
  "gender": {
    "@id": "https://d-nb.info/standards/vocab/gnd/gender#male",
    "label": "Mann"
  },
  "biographicalOrHistoricalInformation": "Studium in Leipzig, Ko\u0308ln, Helmstedt, Stra\u00dfburg, Jena, Marburg u.Rostock, 1591 Magister u. 1606 Dr. theol. in Rostock, 1595 Prof. fu\u0308r Poetik u. 1604 Prof.theol. in Rostock, Konsistorialassessor, Rektor der Univ. Rostock",
  "relatedPerson": [
    {
      "@id": "https://d-nb.info/gnd/118649035",
      "relationship": "VD-16 Mitverf.",
      "preferredName": "Anacreon"
    },
    {
      "relationship": "VD-16 Mitverf.",
      "preferredName": "Georg Ludwig Froben"
    },
    {
      "@id": "https://d-nb.info/gnd/118553569",
      "relationship": "VD-16 Mitverf.",
      "preferredName": "Quintus Horatius Flaccus"
    },
    {
      "relationship": "VD-16 Mitverf.",
      "preferredName": "David Lobechius"
    },
    {
      "@id": "https://d-nb.info/gnd/119748460",
      "relationship": "VD-16 Mitverf.",
      "preferredName": "Lugubres"
    },
    {
      "relationship": "VD-16 Mitverf.",
      "preferredName": "Johannes Melinus"
    },
    {
      "@id": "https://d-nb.info/gnd/119786885",
      "relationship": "VD-16 Mitverf.",
      "preferredName": "Phalaris"
    },
    {
      "relationship": "VD-16 Mitverf.",
      "preferredName": "Johannes Isaksen Pontanus"
    },
    {
      "relationship": "VD-16 Mitverf.",
      "preferredName": "Heinrich Rantzau"
    },
    {
      "@id": "https://d-nb.info/gnd/12852099X",
      "relationship": "VD-16 Mitverf.",
      "preferredName": "Christoph Sturtz"
    }
  ],
  "depiction": {
    "@id": "https://commons.wikimedia.org/wiki/Special:FilePath/Eilhard%20Lubinus.jpg",
    "publisher": "Wikimedia Commons",
    "copyrighted": "false",
    "creator": [
      "Unknown authorUnknown author"
    ],
    "creditText": [
      "Bildarchiv Austria"
    ],
    "license": [
      {
        "@id": "https://creativecommons.org/publicdomain/mark/1.0/",
        "abbr": "PD",
        "name": "Public Domain",
        "attributionRequired": "false",
        "restrictions": ""
      }
    ],
    "url": "https://commons.wikimedia.org/wiki/File:Eilhard%20Lubinus.jpg?uselang=en",
    "thumbnail": {
      "@id": "https://commons.wikimedia.org/wiki/Special:FilePath/Eilhard%20Lubinus.jpg?width=270"
    }
  },
  "sameAs": [
    {
      "@id": "https://d-nb.info/gnd/100974325/about",
      "collection": {
        "abbr": "DNB",
        "name": "Gemeinsame Normdatei (GND) im Katalog der Deutschen Nationalbibliothek",
        "publisher": "Deutsche Nationalbibliothek",
        "icon": "https://www.dnb.de/SiteGlobals/Frontend/DNBWeb/Images/favicon.png?__blob=normal&v=4"
      }
    },
    {
      "@id": "http://kulturportal-west-ost.eu/persons/lubinus-eilhard/",
      "collection": {
        "abbr": "OSTDEBIB",
        "name": "Ostdeutsche Biographie",
        "publisher": "Kulturportal West-Ost"
      }
    },
    {
      "@id": "https://cpr.uni-rostock.de/resolve/gnd/100974325",
      "collection": {
        "abbr": "DE-28",
        "name": "Catalogus Professorum Rostochiensium (CPR)",
        "publisher": "Forschungsstelle Universita\u0308tsgeschichte Rostock"
      }
    },
    {
      "@id": "https://de.wikipedia.org/wiki/Eilhard_Lubin",
      "collection": {
        "abbr": "dewiki",
        "name": "Wikipedia (Deutsch)",
        "publisher": "Wikimedia Foundation Inc.",
        "icon": "https://de.wikipedia.org/static/favicon/wikipedia.ico"
      }
    },
    {
      "@id": "https://en.wikipedia.org/wiki/Eilhard_Lubinus",
      "collection": {
        "abbr": "enwiki",
        "name": "Wikipedia (English)",
        "publisher": "Wikimedia Foundation Inc.",
        "icon": "https://en.wikipedia.org/static/favicon/wikipedia.ico"
      }
    },
    {
      "@id": "https://kalliope-verbund.info/gnd/100974325",
      "collection": {
        "abbr": "DE-611",
        "name": "Kalliope Verbundkatalog",
        "publisher": "Staatsbibliothek zu Berlin - Preu\u00dfischer Kulturbesitz",
        "icon": "https://kalliope-verbund.info/img/favicon.ico"
      }
    },
    {
      "@id": "https://raa.gf-franken.de/de/suche-nach-stammbucheintraegen.html?permaLink=1604_olai;36",
      "collection": {
        "abbr": "RAAE",
        "name": "Repertorium Alborum Amicorum (RAA) - Stammbucheintr\u00e4ge",
        "publisher": "Department Germanistik und Komparatistik der Friedrich-Alexander-Universit\u00e4t Erlangen-N\u00fcrnberg in Zusammenarbeit mit der Gesellschaft f\u00fcr Familienforschung in Franken",
        "icon": "https://www.gf-franken.de/favicon.ico"
      }
    },
    {
      "@id": "https://www.deutsche-biographie.de/pnd100974325.html#adbcontent",
      "collection": {
        "abbr": "ADB",
        "name": "Allgemeine Deutsche Biographie (ADB)",
        "publisher": "Historische Kommission bei der Bayerischen Akademie der Wissenschaften und Bayerische Staatsbibliothek",
        "icon": "https://www.deutsche-biographie.de/favicon.ico"
      }
    },
    {
      "@id": "https://www.deutsche-biographie.de/pnd100974325.html#ndbcontent",
      "collection": {
        "abbr": "NDB",
        "name": "Neue Deutsche Biographie (NDB)",
        "publisher": "Historische Kommission bei der Bayerischen Akademie der Wissenschaften und Bayerische Staatsbibliothek",
        "icon": "https://www.deutsche-biographie.de/favicon.ico"
      }
    },
    {
      "@id": "https://www.deutsche-digitale-bibliothek.de/person/gnd/100974325",
      "collection": {
        "abbr": "DDB",
        "name": "Deutsche Digitale Bibliothek",
        "publisher": "Deutsche Digitale Bibliothek",
        "icon": "https://www.deutsche-digitale-bibliothek.de/favicon.ico"
      }
    },
    {
      "@id": "https://www.portraitindex.de/dokumente/pnd/100974325",
      "collection": {
        "abbr": "Portraitindex",
        "name": "Digitaler Portraitindex der druckgraphischen Bildnisse der Fru\u0308hen Neuzeit",
        "publisher": "Deutsches Dokumentationszentrum fu\u0308r Kunstgeschichte - Bildarchiv Foto Marburg",
        "icon": "https://www.portraitindex.de/favicon.ico"
      }
    },
    {
      "@id": "http://id.loc.gov/rwo/agents/n85143470",
      "collection": {
        "abbr": "LC",
        "name": "NACO Authority File",
        "publisher": "Library of Congress",
        "icon": "https://www.loc.gov/favicon.ico"
      }
    },
    {
      "@id": "http://viaf.org/viaf/69214075",
      "collection": {
        "abbr": "VIAF",
        "name": "Virtual International Authority File (VIAF)",
        "publisher": "OCLC",
        "icon": "https://viaf.org/viaf/images/viaf.ico"
      }
    },
    {
      "@id": "http://www.wikidata.org/entity/Q86250",
      "collection": {
        "abbr": "WIKIDATA",
        "name": "Wikidata",
        "publisher": "Wikimedia Foundation Inc.",
        "icon": "https://www.wikidata.org/static/favicon/wikidata.ico"
      }
    },
    {
      "@id": "https://isni.org/isni/0000000121383168",
      "collection": {
        "abbr": "ISNI",
        "name": "International Standard Name Identifier (ISNI)",
        "publisher": "International Standard Name Identifier (ISNI)",
        "icon": "https://www.isni.org/sites/default/files/isni_new_favicon.ico"
      }
    }
  ]
}