{
  "@context": "http://hub.culturegraph.org/entityfacts/context/v1/entityfacts.jsonld",
  "@id": "https://d-nb.info/gnd/100655378",
  "describedBy": {
    "valid": "2026-04-27T06:34:46Z",
    "license": "https://creativecommons.org/publicdomain/zero/1.0/",
    "@id": "https://hub.culturegraph.org/entityfacts/100655378"
  },
  "preferredName": "Ludwig, Wu\u0308rttemberg, Herzog, 1554-1593",
  "surname": "Ludwig, Wu\u0308rttemberg, Herzog, 1554-1593",
  "@type": "person",
  "titleOfNobility": [
    "Herzog"
  ],
  "variantName": [
    "Ludwig, der Fromme",
    "Ludwig III., Wu\u0308rttemberg, Herzog",
    "Ludwig III., Wu\u0308rtemberg, Hertzog",
    "Ludwig, Wu\u0308rttemberg, Herzog",
    "Ludwig Wu\u0308rttemberg, Herzog",
    "Ludwig, Wu\u0308rtemberg, Hertzog",
    "Ludovicus, Dux Wirtembergensis",
    "Ludovicus, Dux Wirtembergicus & Teccensis",
    "Ludovicus, Wirtemberga, Dux",
    "Ludovicus, Wirtemberga, Princeps",
    "Ludwig, Wu\u0308rtemberg, Herzog",
    "Ludovicus, Wirtenberga, Dux",
    "Ludovicus, Wirtenberga, Princeps",
    "Ludwig, Wu\u0308rttemberg und Theck, Herzog",
    "Ludwig, Wu\u0308rtemberg und Theck, Herzog",
    "Herzog von Wu\u0308rttemberg Ludwig",
    "Ludovicus, Dux Vuirtembergicus",
    "Ludovicus, Dux Wirtembergicus",
    "Ludwig, Herzog von Wu\u0308rttemberg",
    "Ludwig, Dux Wirtembergensis",
    "Ludwig III, Herzog von Wu\u0308rttemberg",
    "L. H. Z. W.",
    "L.H.Z.W."
  ],
  "dateOfBirth": "January 1, 1554",
  "dateOfDeath": "August 8, 1593",
  "placeOfBirth": [
    {
      "@id": "https://d-nb.info/gnd/4058282-6",
      "preferredName": "Stuttgart"
    }
  ],
  "placeOfDeath": [
    {
      "@id": "https://d-nb.info/gnd/4058282-6",
      "preferredName": "Stuttgart"
    }
  ],
  "associatedCountry": [
    {
      "@id": "https://d-nb.info/standards/vocab/gnd/geographic-area-code#XA-DE",
      "preferredName": "Deutschland"
    }
  ],
  "gender": {
    "@id": "https://d-nb.info/standards/vocab/gnd/gender#male",
    "label": "Mann"
  },
  "biographicalOrHistoricalInformation": "1568-1593 fu\u0308nfter Herzog von Wu\u0308rttemberg",
  "relatedPerson": [
    {
      "@id": "https://d-nb.info/gnd/118535862",
      "relationship": "Nachfolger als Herzog von Wu\u0308rttemberg",
      "preferredName": "Friedrich I., Wu\u0308rttemberg, Herzog"
    },
    {
      "relationship": "VD-16 Mitverf.",
      "preferredName": "Nikodemus Frischlin"
    },
    {
      "@id": "https://d-nb.info/gnd/119838117",
      "relationship": "VD-16 Mitverf.",
      "preferredName": "Johann Stehelin"
    },
    {
      "@id": "https://d-nb.info/gnd/118677446",
      "relationship": "VD-16 Mitverf.",
      "preferredName": "Martin Crusius"
    },
    {
      "@id": "https://d-nb.info/gnd/100123015",
      "relationship": "VD-16 Mitverf.",
      "preferredName": "Leonhard Engelhart"
    },
    {
      "@id": "https://d-nb.info/gnd/102760292",
      "relationship": "VD-16 Mitverf.",
      "preferredName": "Simon Fabricius"
    },
    {
      "@id": "https://d-nb.info/gnd/116975202",
      "relationship": "VD-16 Mitverf.",
      "preferredName": "Jeremias Homberger"
    },
    {
      "relationship": "VD-16 Mitverf.",
      "preferredName": "Patriarch von Konstantinopel Jeremias II."
    },
    {
      "@id": "https://d-nb.info/gnd/119739917",
      "relationship": "VD-16 Mitverf.",
      "preferredName": "Johannes Lauterbach"
    },
    {
      "@id": "https://d-nb.info/gnd/118575449",
      "relationship": "VD-16 Mitverf.",
      "preferredName": "Martin Luther"
    },
    {
      "@id": "https://d-nb.info/gnd/118751069",
      "relationship": "VD-16 Mitverf.",
      "preferredName": "Johannes Sambucus"
    }
  ],
  "familialRelationship": [
    {
      "@id": "https://d-nb.info/gnd/100089003",
      "relationship": "Vater",
      "preferredName": "Christoph, Wu\u0308rttemberg, Herzog"
    },
    {
      "@id": "https://d-nb.info/gnd/101100477",
      "relationship": "1. Ehefrau ab 1575",
      "preferredName": "Dorothea Ursula, Wu\u0308rttemberg, Herzogin"
    },
    {
      "@id": "https://d-nb.info/gnd/120092239",
      "relationship": "2. Ehefrau ab 1585",
      "preferredName": "Ursula, Wu\u0308rttemberg, Herzogin"
    }
  ],
  "depiction": {
    "@id": "https://commons.wikimedia.org/wiki/Special:FilePath/Dominicus%20Custos%20Herzog%20Ludwig%20von%20W%C3%BCrttemberg.jpg",
    "publisher": "Wikimedia Commons",
    "copyrighted": "false",
    "creator": [
      "Dominicus Custos"
    ],
    "creditText": [
      "http://www.portraitindex.de/bilder/zoom/haba-24469"
    ],
    "license": [
      {
        "@id": "https://creativecommons.org/publicdomain/mark/1.0/",
        "abbr": "PD",
        "name": "Public Domain",
        "attributionRequired": "false",
        "restrictions": ""
      }
    ],
    "url": "https://commons.wikimedia.org/wiki/File:Dominicus%20Custos%20Herzog%20Ludwig%20von%20W%C3%BCrttemberg.jpg?uselang=en",
    "thumbnail": {
      "@id": "https://commons.wikimedia.org/wiki/Special:FilePath/Dominicus%20Custos%20Herzog%20Ludwig%20von%20W%C3%BCrttemberg.jpg?width=270"
    }
  },
  "sameAs": [
    {
      "@id": "https://d-nb.info/gnd/100655378/about",
      "collection": {
        "abbr": "DNB",
        "name": "Gemeinsame Normdatei (GND) im Katalog der Deutschen Nationalbibliothek",
        "publisher": "Deutsche Nationalbibliothek",
        "icon": "https://www.dnb.de/SiteGlobals/Frontend/DNBWeb/Images/favicon.png?__blob=normal&v=4"
      }
    },
    {
      "@id": "https://de.wikipedia.org/wiki/Ludwig_%28W%C3%BCrttemberg%29",
      "collection": {
        "abbr": "dewiki",
        "name": "Wikipedia (Deutsch)",
        "publisher": "Wikimedia Foundation Inc.",
        "icon": "https://de.wikipedia.org/static/favicon/wikipedia.ico"
      }
    },
    {
      "@id": "https://en.wikipedia.org/wiki/Louis_III%2C_Duke_of_W%C3%BCrttemberg",
      "collection": {
        "abbr": "enwiki",
        "name": "Wikipedia (English)",
        "publisher": "Wikimedia Foundation Inc.",
        "icon": "https://en.wikipedia.org/static/favicon/wikipedia.ico"
      }
    },
    {
      "@id": "https://kalliope-verbund.info/gnd/100655378",
      "collection": {
        "abbr": "DE-611",
        "name": "Kalliope Verbundkatalog",
        "publisher": "Staatsbibliothek zu Berlin - Preu\u00dfischer Kulturbesitz",
        "icon": "https://kalliope-verbund.info/img/favicon.ico"
      }
    },
    {
      "@id": "https://raa.gf-franken.de/de/suche-nach-stammbuechern.html?permaLink=1572_wuerttemberg",
      "collection": {
        "abbr": "RAAS",
        "name": "Repertorium Alborum Amicorum (RAA) - Stammb\u00fccher",
        "publisher": "Department Germanistik und Komparatistik der Friedrich-Alexander-Universit\u00e4t Erlangen-N\u00fcrnberg in Zusammenarbeit mit der Gesellschaft f\u00fcr Familienforschung in Franken",
        "icon": "https://www.gf-franken.de/favicon.ico"
      }
    },
    {
      "@id": "https://www.archivportal-d.de/person/gnd/100655378",
      "collection": {
        "abbr": "ARCHIV-D",
        "name": "Archivportal-D",
        "publisher": "Deutsche Digitale Bibliothek",
        "icon": "https://www.archivportal-d.de/favicon.ico"
      }
    },
    {
      "@id": "https://www.deutsche-biographie.de/pnd100655378.html#adbcontent",
      "collection": {
        "abbr": "ADB",
        "name": "Allgemeine Deutsche Biographie (ADB)",
        "publisher": "Historische Kommission bei der Bayerischen Akademie der Wissenschaften und Bayerische Staatsbibliothek",
        "icon": "https://www.deutsche-biographie.de/favicon.ico"
      }
    },
    {
      "@id": "https://www.deutsche-digitale-bibliothek.de/person/gnd/100655378",
      "collection": {
        "abbr": "DDB",
        "name": "Deutsche Digitale Bibliothek",
        "publisher": "Deutsche Digitale Bibliothek",
        "icon": "https://www.deutsche-digitale-bibliothek.de/favicon.ico"
      }
    },
    {
      "@id": "https://www.portraitindex.de/dokumente/pnd/100655378",
      "collection": {
        "abbr": "Portraitindex",
        "name": "Digitaler Portraitindex der druckgraphischen Bildnisse der Fru\u0308hen Neuzeit",
        "publisher": "Deutsches Dokumentationszentrum fu\u0308r Kunstgeschichte - Bildarchiv Foto Marburg",
        "icon": "https://www.portraitindex.de/favicon.ico"
      }
    },
    {
      "@id": "http://id.loc.gov/rwo/agents/no2022091655",
      "collection": {
        "abbr": "LC",
        "name": "NACO Authority File",
        "publisher": "Library of Congress",
        "icon": "https://www.loc.gov/favicon.ico"
      }
    },
    {
      "@id": "http://viaf.org/viaf/74202189",
      "collection": {
        "abbr": "VIAF",
        "name": "Virtual International Authority File (VIAF)",
        "publisher": "OCLC",
        "icon": "https://viaf.org/viaf/images/viaf.ico"
      }
    },
    {
      "@id": "http://www.wikidata.org/entity/Q678605",
      "collection": {
        "abbr": "WIKIDATA",
        "name": "Wikidata",
        "publisher": "Wikimedia Foundation Inc.",
        "icon": "https://www.wikidata.org/static/favicon/wikidata.ico"
      }
    },
    {
      "@id": "https://isni.org/isni/0000000002688145",
      "collection": {
        "abbr": "ISNI",
        "name": "International Standard Name Identifier (ISNI)",
        "publisher": "International Standard Name Identifier (ISNI)",
        "icon": "https://www.isni.org/sites/default/files/isni_new_favicon.ico"
      }
    }
  ]
}