{
  "@context": "http://hub.culturegraph.org/entityfacts/context/v1/entityfacts.jsonld",
  "@id": "https://d-nb.info/gnd/100571476",
  "describedBy": {
    "valid": "2026-04-29T05:18:44Z",
    "license": "https://creativecommons.org/publicdomain/zero/1.0/",
    "@id": "https://hub.culturegraph.org/entityfacts/100571476"
  },
  "preferredName": "Franz von Billerbeg",
  "surname": "Billerbeg",
  "prefix": "von",
  "forename": "Franz",
  "periodOfActivity": "1582\u20131584",
  "@type": "person",
  "variantName": [
    "Franciscus de Billerbeg",
    "Franz de Billerbeg",
    "Franciscus von Billerbeck",
    "Franziskus von Billerbeck",
    "Franz von Billerbeck",
    "Franc\u0327ois de Billerbeck"
  ],
  "placeOfBirth": [
    {
      "@id": "https://d-nb.info/gnd/4046744-2",
      "preferredName": "Pommern"
    }
  ],
  "associatedCountry": [
    {
      "@id": "https://d-nb.info/standards/vocab/gnd/geographic-area-code#XA-DE",
      "preferredName": "Deutschland"
    }
  ],
  "professionOrOccupation": [
    {
      "@id": "https://d-nb.info/gnd/4025098-2",
      "preferredName": "Historiker"
    },
    {
      "@id": "https://d-nb.info/gnd/4177613-6",
      "preferredName": "Reisender"
    },
    {
      "@id": "https://d-nb.info/gnd/4053309-8",
      "preferredName": "Schriftsteller"
    }
  ],
  "gender": {
    "@id": "https://d-nb.info/standards/vocab/gnd/gender#male",
    "label": "Mann"
  },
  "biographicalOrHistoricalInformation": "Verfasser und Beitra\u0308ger im VD-16; entstammte einer pommerschen Adelsfamilie",
  "relatedPerson": [
    {
      "@id": "https://d-nb.info/gnd/121803406",
      "relationship": "VD-16 Mitverf.",
      "preferredName": "David Chytra\u0308us"
    },
    {
      "@id": "https://d-nb.info/gnd/119009137",
      "relationship": "VD-16 Mitverf.",
      "preferredName": "David Chytra\u0308us"
    },
    {
      "relationship": "VD-16 Mitverf.",
      "preferredName": "Gennadius II., von Konstantinopel"
    },
    {
      "@id": "https://d-nb.info/gnd/123408695",
      "relationship": "VD-16 Mitverf.",
      "preferredName": "Va\u0301clav Budovec z Budova"
    },
    {
      "relationship": "VD-16 Mitverf.",
      "preferredName": "Simeon Cabasilas"
    },
    {
      "@id": "https://d-nb.info/gnd/118677446",
      "relationship": "VD-16 Mitverf.",
      "preferredName": "Martin Crusius"
    },
    {
      "@id": "https://d-nb.info/gnd/116587512",
      "relationship": "VD-16 Mitverf.",
      "preferredName": "Stephan Gerlach"
    },
    {
      "relationship": "VD-16 Mitverf.",
      "preferredName": "Jan Malecki"
    },
    {
      "@id": "https://d-nb.info/gnd/119774259",
      "relationship": "VD-16 Mitverf.",
      "preferredName": "Kaspar von Nidbruck"
    },
    {
      "@id": "https://d-nb.info/gnd/119879549",
      "relationship": "VD-16 Mitverf.",
      "preferredName": "Johannes Zygomalas"
    }
  ],
  "sameAs": [
    {
      "@id": "https://d-nb.info/gnd/100571476/about",
      "collection": {
        "abbr": "DNB",
        "name": "Gemeinsame Normdatei (GND) im Katalog der Deutschen Nationalbibliothek",
        "publisher": "Deutsche Nationalbibliothek",
        "icon": "https://www.dnb.de/SiteGlobals/Frontend/DNBWeb/Images/favicon.png?__blob=normal&v=4"
      }
    },
    {
      "@id": "https://raa.gf-franken.de/de/suche-nach-stammbucheintraegen.html?permaLink=1576_schmeisser;23",
      "collection": {
        "abbr": "RAAE",
        "name": "Repertorium Alborum Amicorum (RAA) - Stammbucheintr\u00e4ge",
        "publisher": "Department Germanistik und Komparatistik der Friedrich-Alexander-Universit\u00e4t Erlangen-N\u00fcrnberg in Zusammenarbeit mit der Gesellschaft f\u00fcr Familienforschung in Franken",
        "icon": "https://www.gf-franken.de/favicon.ico"
      }
    },
    {
      "@id": "https://raa.gf-franken.de/de/suche-nach-stammbucheintraegen.html?permaLink=1582_falck;44",
      "collection": {
        "abbr": "RAAE",
        "name": "Repertorium Alborum Amicorum (RAA) - Stammbucheintr\u00e4ge",
        "publisher": "Department Germanistik und Komparatistik der Friedrich-Alexander-Universit\u00e4t Erlangen-N\u00fcrnberg in Zusammenarbeit mit der Gesellschaft f\u00fcr Familienforschung in Franken",
        "icon": "https://www.gf-franken.de/favicon.ico"
      }
    },
    {
      "@id": "https://www.deutsche-digitale-bibliothek.de/person/gnd/100571476",
      "collection": {
        "abbr": "DDB",
        "name": "Deutsche Digitale Bibliothek",
        "publisher": "Deutsche Digitale Bibliothek",
        "icon": "https://www.deutsche-digitale-bibliothek.de/favicon.ico"
      }
    },
    {
      "@id": "http://viaf.org/viaf/49573003",
      "collection": {
        "abbr": "VIAF",
        "name": "Virtual International Authority File (VIAF)",
        "publisher": "OCLC",
        "icon": "https://viaf.org/viaf/images/viaf.ico"
      }
    },
    {
      "@id": "http://www.wikidata.org/entity/Q132883695",
      "collection": {
        "abbr": "WIKIDATA",
        "name": "Wikidata",
        "publisher": "Wikimedia Foundation Inc.",
        "icon": "https://www.wikidata.org/static/favicon/wikidata.ico"
      }
    }
  ]
}