{
  "@context": "http://hub.culturegraph.org/entityfacts/context/v1/entityfacts.jsonld",
  "@id": "https://d-nb.info/gnd/10055301X",
  "describedBy": {
    "valid": "2026-04-29T15:21:17Z",
    "license": "https://creativecommons.org/publicdomain/zero/1.0/",
    "@id": "https://hub.culturegraph.org/entityfacts/10055301X"
  },
  "preferredName": "Johann Christoph Seld",
  "surname": "Seld",
  "forename": "Johann Christoph",
  "@type": "person",
  "academicDegree": [
    "Dr. theol."
  ],
  "variantName": [
    "Christoph Seld",
    "Johann Christoph Sell",
    "Johann Christoph Seld",
    "Johann Christoph Seldt",
    "Johann Christoph Seldius",
    "Johann Christoph Selde",
    "Johannes Christoph Seld",
    "Johannes Christophorus Selden",
    "Johannes Christophorus Seldius",
    "Johann-Christophorus Seldius",
    "Joh. Christophorus Seldius",
    "Johannes Christophorus Seldt",
    "Johann Christoph Selt",
    "Johannes Christophorus Seltius",
    "Johannes C. Seld",
    "Johann Christoph Seldt",
    "J. C. S.",
    "M. J. C. S."
  ],
  "dateOfBirth": "May 1, 1612",
  "dateOfDeath": "September 14, 1676",
  "placeOfBirth": [
    {
      "@id": "https://d-nb.info/gnd/4089228-1",
      "preferredName": "Hildburghausen"
    }
  ],
  "placeOfDeath": [
    {
      "@id": "https://d-nb.info/gnd/4010325-0",
      "preferredName": "Coburg"
    }
  ],
  "placeOfActivity": [
    {
      "@id": "https://d-nb.info/gnd/4066640-2",
      "preferredName": "Wittenberg"
    },
    {
      "@id": "https://d-nb.info/gnd/4050292-2",
      "preferredName": "Ro\u0308mhild"
    },
    {
      "@id": "https://d-nb.info/gnd/4010325-0",
      "preferredName": "Coburg"
    }
  ],
  "associatedCountry": [
    {
      "@id": "https://d-nb.info/standards/vocab/gnd/geographic-area-code#XA-DE",
      "preferredName": "Deutschland"
    }
  ],
  "professionOrOccupation": [
    {
      "@id": "https://d-nb.info/gnd/4015882-2",
      "preferredName": "Evangelischer Theologe"
    },
    {
      "@id": "https://d-nb.info/gnd/4025243-7",
      "preferredName": "Hochschullehrer"
    },
    {
      "@id": "https://d-nb.info/gnd/4132592-8",
      "preferredName": "Pfarrer"
    },
    {
      "@id": "https://d-nb.info/gnd/4184110-4",
      "preferredName": "Superintendent"
    },
    {
      "@id": "https://d-nb.info/gnd/4398098-3",
      "preferredName": "Generalsuperintendent"
    }
  ],
  "gender": {
    "@id": "https://d-nb.info/standards/vocab/gnd/gender#male",
    "label": "Mann"
  },
  "biographicalOrHistoricalInformation": "Evangelisch-lutherischer Theologe; Schu\u0308ler in Hildburghausen und Eisfeld, 1628-1632 am Gymnasium Coburg; 1635 Student in Erfurt, 1636 Magister in Jena; 1638 Student in Wittenberg; 1640 Adjunkt und 1644 Dekan der Phil. Fakulta\u0308t Wittenberg; 1645 Dr. theol., in Coburg ordiniert und Superintendent in Ro\u0308mhild; ab 1664 Generalsuperintendent, Hauptpastor, Konsistorialassessor und Gymnasialprofessor in Coburg",
  "familialRelationship": [
    {
      "@id": "https://d-nb.info/gnd/130197297",
      "relationship": "Vater",
      "preferredName": "Michael Seld"
    },
    {
      "@id": "https://d-nb.info/gnd/128456302",
      "relationship": "Ehefrau",
      "preferredName": "Catharina Lucretia Seld"
    },
    {
      "@id": "https://d-nb.info/gnd/12191755X",
      "relationship": "Tochter",
      "preferredName": "Anna Juliana Schneider"
    },
    {
      "@id": "https://d-nb.info/gnd/124702600",
      "relationship": "Schwiegersohn",
      "preferredName": "Theodor Schneider"
    }
  ],
  "sameAs": [
    {
      "@id": "https://d-nb.info/gnd/10055301X/about",
      "collection": {
        "abbr": "DNB",
        "name": "Gemeinsame Normdatei (GND) im Katalog der Deutschen Nationalbibliothek",
        "publisher": "Deutsche Nationalbibliothek",
        "icon": "https://www.dnb.de/SiteGlobals/Frontend/DNBWeb/Images/favicon.png?__blob=normal&v=4"
      }
    },
    {
      "@id": "https://kalliope-verbund.info/gnd/10055301X",
      "collection": {
        "abbr": "DE-611",
        "name": "Kalliope Verbundkatalog",
        "publisher": "Staatsbibliothek zu Berlin - Preu\u00dfischer Kulturbesitz",
        "icon": "https://kalliope-verbund.info/img/favicon.ico"
      }
    },
    {
      "@id": "https://raa.gf-franken.de/de/suche-nach-stammbucheintraegen.html?permaLink=1652_benz;175",
      "collection": {
        "abbr": "RAAE",
        "name": "Repertorium Alborum Amicorum (RAA) - Stammbucheintr\u00e4ge",
        "publisher": "Department Germanistik und Komparatistik der Friedrich-Alexander-Universit\u00e4t Erlangen-N\u00fcrnberg in Zusammenarbeit mit der Gesellschaft f\u00fcr Familienforschung in Franken",
        "icon": "https://www.gf-franken.de/favicon.ico"
      }
    },
    {
      "@id": "https://www.deutsche-digitale-bibliothek.de/person/gnd/10055301X",
      "collection": {
        "abbr": "DDB",
        "name": "Deutsche Digitale Bibliothek",
        "publisher": "Deutsche Digitale Bibliothek",
        "icon": "https://www.deutsche-digitale-bibliothek.de/favicon.ico"
      }
    },
    {
      "@id": "https://www.portraitindex.de/dokumente/pnd/10055301X",
      "collection": {
        "abbr": "Portraitindex",
        "name": "Digitaler Portraitindex der druckgraphischen Bildnisse der Fru\u0308hen Neuzeit",
        "publisher": "Deutsches Dokumentationszentrum fu\u0308r Kunstgeschichte - Bildarchiv Foto Marburg",
        "icon": "https://www.portraitindex.de/favicon.ico"
      }
    },
    {
      "@id": "http://viaf.org/viaf/5276792",
      "collection": {
        "abbr": "VIAF",
        "name": "Virtual International Authority File (VIAF)",
        "publisher": "OCLC",
        "icon": "https://viaf.org/viaf/images/viaf.ico"
      }
    },
    {
      "@id": "http://www.wikidata.org/entity/Q94887426",
      "collection": {
        "abbr": "WIKIDATA",
        "name": "Wikidata",
        "publisher": "Wikimedia Foundation Inc.",
        "icon": "https://www.wikidata.org/static/favicon/wikidata.ico"
      }
    },
    {
      "@id": "https://isni.org/isni/0000000110364279",
      "collection": {
        "abbr": "ISNI",
        "name": "International Standard Name Identifier (ISNI)",
        "publisher": "International Standard Name Identifier (ISNI)",
        "icon": "https://www.isni.org/sites/default/files/isni_new_favicon.ico"
      }
    }
  ]
}