{
  "@context": "http://hub.culturegraph.org/entityfacts/context/v1/entityfacts.jsonld",
  "@id": "https://d-nb.info/gnd/100437338",
  "describedBy": {
    "valid": "2026-04-28T21:02:57Z",
    "license": "https://creativecommons.org/publicdomain/zero/1.0/",
    "@id": "https://hub.culturegraph.org/entityfacts/100437338"
  },
  "preferredName": "Bernhard, Sachsen-Weimar-Eisenach, Herzog",
  "surname": "Bernhard, Sachsen-Weimar-Eisenach, Herzog",
  "@type": "person",
  "variantName": [
    "Bernard, Saxe-Weimar-Eisenach, Duc",
    "Bernhard, Sachsen, Herzog",
    "Bernhard Karl, Sachsen-Weimar, Prinz",
    "Bernhard, Sachsen-Weimar-Eisenach, Prinz",
    "Karl Bernhard, Sachsen-Weimar-Eisenach, Prinz",
    "Carl Bernhard, Sachsen-Weimar-Eisenach, Prinz"
  ],
  "dateOfBirth": "May 30, 1792",
  "dateOfDeath": "July 31, 1862",
  "placeOfBirth": [
    {
      "@id": "https://d-nb.info/gnd/4065105-8",
      "preferredName": "Weimar"
    }
  ],
  "placeOfDeath": [
    {
      "@id": "https://d-nb.info/gnd/4035648-6",
      "preferredName": "Bad Liebenstein"
    }
  ],
  "associatedCountry": [
    {
      "@id": "https://d-nb.info/standards/vocab/gnd/geographic-area-code#XA-DE",
      "preferredName": "Deutschland"
    },
    {
      "@id": "https://d-nb.info/standards/vocab/gnd/geographic-area-code#XA-NL",
      "preferredName": "Niederlande"
    }
  ],
  "professionOrOccupation": [
    {
      "@id": "https://d-nb.info/gnd/4037945-0",
      "preferredName": "Mathematiker"
    },
    {
      "@id": "https://d-nb.info/gnd/4798807-1",
      "preferredName": "Reiseschriftsteller"
    },
    {
      "@id": "https://d-nb.info/gnd/4664235-3",
      "preferredName": "Generalmajor"
    },
    {
      "preferredName": "General der Infanterie (Niederlande)"
    }
  ],
  "gender": {
    "@id": "https://d-nb.info/standards/vocab/gnd/gender#male",
    "label": "Mann"
  },
  "biographicalOrHistoricalInformation": "Nichtregierender Lieblingssohn von Herzog Carl August in Weimar; Mathematiker; milita\u0308rische Laufbahn in sa\u0308chs. und franz. Diensten, 1812 beurlaubt; Reisen nach Italien und Frankreich; spa\u0308ter in niederla\u0308nd. Diensten; 1825/26 Reisen durch Nordamerika; 1837/38 Reisen nach Ru\u00dfland, in die Tu\u0308rkei, Mittelmeerla\u0308nder; Oberbefehlshaber der Kolonialarmee in Niederla\u0308ndisch-Indien",
  "familialRelationship": [
    {
      "@id": "https://d-nb.info/gnd/11856014X",
      "relationship": "Vater",
      "preferredName": "Karl August, Sachsen-Weimar-Eisenach, Gro\u00dfherzog"
    },
    {
      "@id": "https://d-nb.info/gnd/115363688",
      "relationship": "Mutter",
      "preferredName": "Luise, Sachsen-Weimar-Eisenach, Gro\u00dfherzogin"
    },
    {
      "@id": "https://d-nb.info/gnd/102479844",
      "relationship": "Bruder",
      "preferredName": "Karl Friedrich, Sachsen-Weimar-Eisenach, Gro\u00dfherzog"
    },
    {
      "@id": "https://d-nb.info/gnd/117121266",
      "relationship": "Ehefrau",
      "preferredName": "Ida, Sachsen-Weimar-Eisenach, Herzogin"
    }
  ],
  "depiction": {
    "@id": "https://commons.wikimedia.org/wiki/Special:FilePath/Karel%20Bernhard%20van%20Saksen-Weimar-Eisenach.jpg",
    "publisher": "Wikimedia Commons",
    "copyrighted": "false",
    "creator": [
      "Jacob Spoel"
    ],
    "creditText": [
      "Boek \"De Militaire Willems-Orde 1940"
    ],
    "license": [
      {
        "@id": "https://creativecommons.org/publicdomain/mark/1.0/",
        "abbr": "PD",
        "name": "Public Domain",
        "attributionRequired": "false",
        "restrictions": ""
      }
    ],
    "url": "https://commons.wikimedia.org/wiki/File:Karel%20Bernhard%20van%20Saksen-Weimar-Eisenach.jpg?uselang=en",
    "thumbnail": {
      "@id": "https://commons.wikimedia.org/wiki/Special:FilePath/Karel%20Bernhard%20van%20Saksen-Weimar-Eisenach.jpg?width=270"
    }
  },
  "sameAs": [
    {
      "@id": "https://d-nb.info/gnd/100437338/about",
      "collection": {
        "abbr": "DNB",
        "name": "Gemeinsame Normdatei (GND) im Katalog der Deutschen Nationalbibliothek",
        "publisher": "Deutsche Nationalbibliothek",
        "icon": "https://www.dnb.de/SiteGlobals/Frontend/DNBWeb/Images/favicon.png?__blob=normal&v=4"
      }
    },
    {
      "@id": "https://kalliope-verbund.info/gnd/100437338",
      "collection": {
        "abbr": "DE-611",
        "name": "Kalliope Verbundkatalog",
        "publisher": "Staatsbibliothek zu Berlin - Preu\u00dfischer Kulturbesitz",
        "icon": "https://kalliope-verbund.info/img/favicon.ico"
      }
    },
    {
      "@id": "https://raa.gf-franken.de/de/suche-nach-stammbuechern.html?permaLink=1813_sachsen1",
      "collection": {
        "abbr": "RAAS",
        "name": "Repertorium Alborum Amicorum (RAA) - Stammb\u00fccher",
        "publisher": "Department Germanistik und Komparatistik der Friedrich-Alexander-Universit\u00e4t Erlangen-N\u00fcrnberg in Zusammenarbeit mit der Gesellschaft f\u00fcr Familienforschung in Franken",
        "icon": "https://www.gf-franken.de/favicon.ico"
      }
    },
    {
      "@id": "https://www.archivportal-d.de/person/gnd/100437338",
      "collection": {
        "abbr": "ARCHIV-D",
        "name": "Archivportal-D",
        "publisher": "Deutsche Digitale Bibliothek",
        "icon": "https://www.archivportal-d.de/favicon.ico"
      }
    },
    {
      "@id": "https://www.deutsche-biographie.de/pnd100437338.html#adbcontent",
      "collection": {
        "abbr": "ADB",
        "name": "Allgemeine Deutsche Biographie (ADB)",
        "publisher": "Historische Kommission bei der Bayerischen Akademie der Wissenschaften und Bayerische Staatsbibliothek",
        "icon": "https://www.deutsche-biographie.de/favicon.ico"
      }
    },
    {
      "@id": "https://www.deutsche-digitale-bibliothek.de/person/gnd/100437338",
      "collection": {
        "abbr": "DDB",
        "name": "Deutsche Digitale Bibliothek",
        "publisher": "Deutsche Digitale Bibliothek",
        "icon": "https://www.deutsche-digitale-bibliothek.de/favicon.ico"
      }
    },
    {
      "@id": "https://www.portraitindex.de/dokumente/pnd/100437338",
      "collection": {
        "abbr": "Portraitindex",
        "name": "Digitaler Portraitindex der druckgraphischen Bildnisse der Fru\u0308hen Neuzeit",
        "publisher": "Deutsches Dokumentationszentrum fu\u0308r Kunstgeschichte - Bildarchiv Foto Marburg",
        "icon": "https://www.portraitindex.de/favicon.ico"
      }
    },
    {
      "@id": "http://viaf.org/viaf/293221915",
      "collection": {
        "abbr": "VIAF",
        "name": "Virtual International Authority File (VIAF)",
        "publisher": "OCLC",
        "icon": "https://viaf.org/viaf/images/viaf.ico"
      }
    },
    {
      "@id": "http://www.wikidata.org/entity/Q213715",
      "collection": {
        "abbr": "WIKIDATA",
        "name": "Wikidata",
        "publisher": "Wikimedia Foundation Inc.",
        "icon": "https://www.wikidata.org/static/favicon/wikidata.ico"
      }
    }
  ]
}