{
  "@context": "http://hub.culturegraph.org/entityfacts/context/v1/entityfacts.jsonld",
  "@id": "https://d-nb.info/gnd/100401546",
  "describedBy": {
    "valid": "2026-04-28T05:47:09Z",
    "license": "https://creativecommons.org/publicdomain/zero/1.0/",
    "@id": "https://hub.culturegraph.org/entityfacts/100401546"
  },
  "preferredName": "Johann Helwig Sinold von Schu\u0308tz",
  "surname": "Sinold von Schu\u0308tz",
  "forename": "Johann Helwig",
  "@type": "person",
  "academicDegree": [
    "Dr. jur."
  ],
  "variantName": [
    "Johann Helwig Sinoldt von Schu\u0308tz",
    "Johann Helwig Schu\u0308tz",
    "Johann Helwig Sinold von Schu\u0308tz",
    "Johannes Helvicus Schu\u0308tz",
    "Johann Helwig Schu\u0308z",
    "Johann Helwig Sinold von Schu\u0308z",
    "Johannes Helvicus Sinold",
    "Johann Helwig Sinold-Schu\u0308tz",
    "Johann Helwig Sinoldt-Schu\u0308tz",
    "Johann Helwig Sinold-Schu\u0308z",
    "Johann Helvich Sinold von Schu\u0308tz",
    "Johann Helwig Sinold von Schu\u0308z",
    "Johannes Helvicus Sinoldus",
    "Johannes Helvicus Sinoldus von Schu\u0308z",
    "Johann Helwig Sinolt",
    "Johannes Helvicus Sinolt",
    "Johannes Helvicus Sinolt Schu\u0308tz",
    "Johann Helwig Sinolt-Schu\u0308tz",
    "Johan Helwig Sinoldt",
    "Johann Helwig von Sinoldt",
    "Helwig Sinold von Schu\u0308tz",
    "Helvicus Sinold",
    "Helvicus Sinold de Schu\u0308tz",
    "Helvicus de Schu\u0308tz",
    "Helwig Sinold von Schu\u0308tz",
    "Helwig Sinold",
    "Helwig von Schu\u0308tz",
    "Helwig Schu\u0308tz",
    "Helvicus Schu\u0308tz",
    "Helwig Sinold-Schu\u0308tz",
    "Helwig Sinold Schu\u0308tz",
    "Helvicus Sinold-Schu\u0308tz",
    "Helvicus Sinold Schu\u0308tz",
    "Johann Helwig Sinold",
    "Johann Helwig Sinold genannt Schu\u0308tz",
    "Johann Helwig Sinold gen. Schu\u0308tz",
    "Johann Helwig Sinoldt genannt Schu\u0308tz",
    "Johann Helwig Sinoldt gen. Schu\u0308tz"
  ],
  "pseudonym": [
    {
      "preferredName": "Der Gezeichnete"
    },
    {
      "preferredName": "Der Gezeichnete"
    }
  ],
  "realIdentity": [
    {
      "preferredName": "Johann Helwig Schu\u0308tz"
    }
  ],
  "dateOfBirth": "June 25, 1623",
  "dateOfDeath": "July 30, 1677",
  "placeOfBirth": [
    {
      "@id": "https://d-nb.info/gnd/4020989-1",
      "preferredName": "Gie\u00dfen"
    }
  ],
  "placeOfDeath": [
    {
      "@id": "https://d-nb.info/gnd/4009657-9",
      "preferredName": "Celle"
    }
  ],
  "associatedCountry": [
    {
      "@id": "https://d-nb.info/standards/vocab/gnd/geographic-area-code#XA-DE",
      "preferredName": "Deutschland"
    }
  ],
  "professionOrOccupation": [
    {
      "@id": "https://d-nb.info/gnd/4029050-5",
      "preferredName": "Jurist"
    },
    {
      "@id": "https://d-nb.info/gnd/4025243-7",
      "preferredName": "Hochschullehrer"
    },
    {
      "@id": "https://d-nb.info/gnd/4123488-1",
      "preferredName": "Kanzler"
    }
  ],
  "gender": {
    "@id": "https://d-nb.info/standards/vocab/gnd/gender#male",
    "label": "Mann"
  },
  "biographicalOrHistoricalInformation": "Prof. fu\u0308r Staatsrecht in Gie\u00dfen, Braunschweigisch-Lu\u0308neburgischer Kanzler, Reichshofrat; Rhetoriker",
  "affiliation": [
    {
      "@id": "https://d-nb.info/gnd/2011193-9",
      "preferredName": "Fruchtbringende Gesellschaft"
    },
    {
      "@id": "https://d-nb.info/gnd/36154-9",
      "preferredName": "Justus-Liebig-Universita\u0308t Gie\u00dfen"
    }
  ],
  "familialRelationship": [
    {
      "@id": "https://d-nb.info/gnd/124367828",
      "relationship": "Vater",
      "preferredName": "Justus Sinold von Schu\u0308tz"
    },
    {
      "@id": "https://d-nb.info/gnd/142383775",
      "relationship": "2. Ehefrau ab 1651",
      "preferredName": "Anna Barbara Sinold von Schu\u0308tz"
    },
    {
      "@id": "https://d-nb.info/gnd/118797425",
      "relationship": "Sohn",
      "preferredName": "Philipp Balthasar Sinold von Schu\u0308tz"
    },
    {
      "@id": "https://d-nb.info/gnd/1019629886",
      "relationship": "Sohn",
      "preferredName": "Ludwig Justus von Sinoldt"
    },
    {
      "@id": "https://d-nb.info/gnd/131742701",
      "relationship": "Sohn",
      "preferredName": "Salentin Justus Nicolaus Sinold von Schu\u0308tz"
    },
    {
      "relationship": "Tochter",
      "preferredName": "Jeannette Lucie von Bernstorff"
    },
    {
      "@id": "https://d-nb.info/gnd/118656554",
      "relationship": "Schwiegersohn",
      "preferredName": "Andreas Gottlieb von Bernstorff"
    }
  ],
  "sameAs": [
    {
      "@id": "https://d-nb.info/gnd/100401546/about",
      "collection": {
        "abbr": "DNB",
        "name": "Gemeinsame Normdatei (GND) im Katalog der Deutschen Nationalbibliothek",
        "publisher": "Deutsche Nationalbibliothek",
        "icon": "https://www.dnb.de/SiteGlobals/Frontend/DNBWeb/Images/favicon.png?__blob=normal&v=4"
      }
    },
    {
      "@id": "https://de.wikipedia.org/wiki/Johann_Helwig_Sinold_genannt_Sch%C3%BCtz",
      "collection": {
        "abbr": "dewiki",
        "name": "Wikipedia (Deutsch)",
        "publisher": "Wikimedia Foundation Inc.",
        "icon": "https://de.wikipedia.org/static/favicon/wikipedia.ico"
      }
    },
    {
      "@id": "https://kaiserhof.geschichte.lmu.de/Q/GND=100401546",
      "collection": {
        "abbr": "KH",
        "name": "Kaiser und H\u00f6fe",
        "publisher": "Ludwig-Maximilians-Universit\u00e4t M\u00fcnchen - Historisches Seminar - Fr\u00fche Neuzeit",
        "icon": "https://kaiserhof.geschichte.lmu.de/favicon.ico"
      }
    },
    {
      "@id": "https://kalliope-verbund.info/gnd/100401546",
      "collection": {
        "abbr": "DE-611",
        "name": "Kalliope Verbundkatalog",
        "publisher": "Staatsbibliothek zu Berlin - Preu\u00dfischer Kulturbesitz",
        "icon": "https://kalliope-verbund.info/img/favicon.ico"
      }
    },
    {
      "@id": "https://www.deutsche-biographie.de/pnd100401546.html#adbcontent",
      "collection": {
        "abbr": "ADB",
        "name": "Allgemeine Deutsche Biographie (ADB)",
        "publisher": "Historische Kommission bei der Bayerischen Akademie der Wissenschaften und Bayerische Staatsbibliothek",
        "icon": "https://www.deutsche-biographie.de/favicon.ico"
      }
    },
    {
      "@id": "https://www.deutsche-digitale-bibliothek.de/person/gnd/100401546",
      "collection": {
        "abbr": "DDB",
        "name": "Deutsche Digitale Bibliothek",
        "publisher": "Deutsche Digitale Bibliothek",
        "icon": "https://www.deutsche-digitale-bibliothek.de/favicon.ico"
      }
    },
    {
      "@id": "https://www.lagis-hessen.de/pnd/100401546",
      "collection": {
        "abbr": "LAGIS",
        "name": "Hessische Biografie",
        "publisher": "Hessisches Landesamt fu\u0308r geschichtliche Landeskunde",
        "icon": "https://www.lagis-hessen.de/favicon.ico"
      }
    },
    {
      "@id": "http://id.loc.gov/rwo/agents/n2014063493",
      "collection": {
        "abbr": "LC",
        "name": "NACO Authority File",
        "publisher": "Library of Congress",
        "icon": "https://www.loc.gov/favicon.ico"
      }
    },
    {
      "@id": "http://viaf.org/viaf/59431350",
      "collection": {
        "abbr": "VIAF",
        "name": "Virtual International Authority File (VIAF)",
        "publisher": "OCLC",
        "icon": "https://viaf.org/viaf/images/viaf.ico"
      }
    },
    {
      "@id": "http://www.wikidata.org/entity/Q20085929",
      "collection": {
        "abbr": "WIKIDATA",
        "name": "Wikidata",
        "publisher": "Wikimedia Foundation Inc.",
        "icon": "https://www.wikidata.org/static/favicon/wikidata.ico"
      }
    },
    {
      "@id": "https://isni.org/isni/0000000002341088",
      "collection": {
        "abbr": "ISNI",
        "name": "International Standard Name Identifier (ISNI)",
        "publisher": "International Standard Name Identifier (ISNI)",
        "icon": "https://www.isni.org/sites/default/files/isni_new_favicon.ico"
      }
    }
  ]
}