{
  "@context": "http://hub.culturegraph.org/entityfacts/context/v1/entityfacts.jsonld",
  "@id": "https://d-nb.info/gnd/100322174",
  "describedBy": {
    "valid": "2026-04-30T08:36:15Z",
    "license": "https://creativecommons.org/publicdomain/zero/1.0/",
    "@id": "https://hub.culturegraph.org/entityfacts/100322174"
  },
  "preferredName": "Arnold von Reyger",
  "surname": "Reyger",
  "prefix": "von",
  "forename": "Arnold",
  "@type": "person",
  "academicDegree": [
    "Dr. jur."
  ],
  "variantName": [
    "Arnoldus Reyger",
    "Arnoul de Reyger",
    "Arnold von Rayger",
    "Arnoldus de Rayger",
    "Arnold Reyger",
    "Arnold de Reyger",
    "Arnoul de Reyger",
    "Arnold de Rayger",
    "Arnoldus de Reyger",
    "Arnold de Reijger",
    "Arnoldus de Reiger",
    "Arnoldus a Rayger"
  ],
  "dateOfBirth": "January 17, 1559",
  "dateOfDeath": "February 16, 1627",
  "placeOfBirth": [
    {
      "@id": "https://d-nb.info/gnd/4061303-3",
      "preferredName": "Twente"
    }
  ],
  "placeOfDeath": [
    {
      "@id": "https://d-nb.info/gnd/4005728-8",
      "preferredName": "Berlin"
    }
  ],
  "placeOfActivity": [
    {
      "@id": "https://d-nb.info/gnd/4024344-8",
      "preferredName": "Helmstedt"
    },
    {
      "@id": "https://d-nb.info/gnd/4028557-1",
      "preferredName": "Jena"
    },
    {
      "@id": "https://d-nb.info/gnd/4023025-9",
      "preferredName": "Halle (Saale)"
    },
    {
      "@id": "https://d-nb.info/gnd/4005728-8",
      "preferredName": "Berlin"
    }
  ],
  "associatedCountry": [
    {
      "@id": "https://d-nb.info/standards/vocab/gnd/geographic-area-code#XA-DE",
      "preferredName": "Deutschland"
    },
    {
      "@id": "https://d-nb.info/standards/vocab/gnd/geographic-area-code#XA-NL",
      "preferredName": "Niederlande"
    }
  ],
  "professionOrOccupation": [
    {
      "@id": "https://d-nb.info/gnd/4029050-5",
      "preferredName": "Jurist"
    },
    {
      "@id": "https://d-nb.info/gnd/4188461-9",
      "preferredName": "Vizekanzler"
    }
  ],
  "gender": {
    "@id": "https://d-nb.info/standards/vocab/gnd/gender#male",
    "label": "Mann"
  },
  "biographicalOrHistoricalInformation": "Jurist und Staatsmann; Herr auf Glabbeek; 1575 Schu\u0308ler in Zwolle und 1578 in Mu\u0308nster (Westf.); 1582 Student in Helmstedt; 1593 Professor in Jena; 1596 Geheimrat in Halle (Saale); kurbrandenburgischer Vizekanzler und Assesor des niederlausitzischen Landgerichts in Berlin; ab 1594 Ehemann von Sophie von Wintzingerode, ab 1619 von Ilse von Barfu\u00df",
  "relatedPerson": [
    {
      "relationship": "Neubrandenburg; VD-16 Mitverf.",
      "preferredName": "Joachim Delius"
    },
    {
      "@id": "https://d-nb.info/gnd/124407943",
      "relationship": "VD-16 Mitverf.",
      "preferredName": "Friedrich Ortlep"
    },
    {
      "@id": "https://d-nb.info/gnd/119753243",
      "relationship": "VD-16 Mitverf.",
      "preferredName": "Julius Marcus"
    },
    {
      "@id": "https://d-nb.info/gnd/119671719",
      "relationship": "VD-16 Mitverf.",
      "preferredName": "Christoph Finck"
    },
    {
      "relationship": "VD-16 Mitverf.",
      "preferredName": "Gebhard von Moltke"
    },
    {
      "relationship": "VD-16 Mitverf.",
      "preferredName": "Joachim Mynsinger von Frundeck"
    },
    {
      "@id": "https://d-nb.info/gnd/11977741X",
      "relationship": "VD-16 Mitverf.",
      "preferredName": "Heinrich Olemann"
    },
    {
      "relationship": "VD-16 Mitverf.",
      "preferredName": "Heinrich Reichelm"
    },
    {
      "@id": "https://d-nb.info/gnd/1020595485",
      "relationship": "VD-16 Mitverf.",
      "preferredName": "Johann Kratz"
    },
    {
      "@id": "https://d-nb.info/gnd/119825929",
      "relationship": "VD-16 Mitverf.",
      "preferredName": "Johannes von der Schulenburg"
    }
  ],
  "familialRelationship": [
    {
      "@id": "https://d-nb.info/gnd/129041300",
      "relationship": "Vater",
      "preferredName": "Anton von Reyger"
    },
    {
      "@id": "https://d-nb.info/gnd/120779803",
      "relationship": "Ehefrau ab 1594",
      "preferredName": "Sophie von Reyger"
    },
    {
      "@id": "https://d-nb.info/gnd/121424502",
      "relationship": "Tochter",
      "preferredName": "Margaretha Catharina von Reyger"
    },
    {
      "@id": "https://d-nb.info/gnd/1061053180",
      "relationship": "Tochter",
      "preferredName": "Bertha Sophia Langmantel von Sparren"
    }
  ],
  "sameAs": [
    {
      "@id": "https://d-nb.info/gnd/100322174/about",
      "collection": {
        "abbr": "DNB",
        "name": "Gemeinsame Normdatei (GND) im Katalog der Deutschen Nationalbibliothek",
        "publisher": "Deutsche Nationalbibliothek",
        "icon": "https://www.dnb.de/SiteGlobals/Frontend/DNBWeb/Images/favicon.png?__blob=normal&v=4"
      }
    },
    {
      "@id": "http://catalogue.bnf.fr/ark:/12148/cb135207343",
      "collection": {
        "abbr": "BNF",
        "name": "Bibliothe\u0300que nationale de France",
        "publisher": "Bibliothe\u0300que nationale de France",
        "icon": "https://www.bnf.fr/themes/custom/bnfsi/favicon.ico"
      }
    },
    {
      "@id": "https://kalliope-verbund.info/gnd/100322174",
      "collection": {
        "abbr": "DE-611",
        "name": "Kalliope Verbundkatalog",
        "publisher": "Staatsbibliothek zu Berlin - Preu\u00dfischer Kulturbesitz",
        "icon": "https://kalliope-verbund.info/img/favicon.ico"
      }
    },
    {
      "@id": "https://raa.gf-franken.de/de/suche-nach-stammbucheintraegen.html?permaLink=1587_lucanus;64",
      "collection": {
        "abbr": "RAAE",
        "name": "Repertorium Alborum Amicorum (RAA) - Stammbucheintr\u00e4ge",
        "publisher": "Department Germanistik und Komparatistik der Friedrich-Alexander-Universit\u00e4t Erlangen-N\u00fcrnberg in Zusammenarbeit mit der Gesellschaft f\u00fcr Familienforschung in Franken",
        "icon": "https://www.gf-franken.de/favicon.ico"
      }
    },
    {
      "@id": "https://www.deutsche-biographie.de/pnd100322174.html#adbcontent",
      "collection": {
        "abbr": "ADB",
        "name": "Allgemeine Deutsche Biographie (ADB)",
        "publisher": "Historische Kommission bei der Bayerischen Akademie der Wissenschaften und Bayerische Staatsbibliothek",
        "icon": "https://www.deutsche-biographie.de/favicon.ico"
      }
    },
    {
      "@id": "https://www.deutsche-digitale-bibliothek.de/person/gnd/100322174",
      "collection": {
        "abbr": "DDB",
        "name": "Deutsche Digitale Bibliothek",
        "publisher": "Deutsche Digitale Bibliothek",
        "icon": "https://www.deutsche-digitale-bibliothek.de/favicon.ico"
      }
    },
    {
      "@id": "https://www.portraitindex.de/dokumente/pnd/100322174",
      "collection": {
        "abbr": "Portraitindex",
        "name": "Digitaler Portraitindex der druckgraphischen Bildnisse der Fru\u0308hen Neuzeit",
        "publisher": "Deutsches Dokumentationszentrum fu\u0308r Kunstgeschichte - Bildarchiv Foto Marburg",
        "icon": "https://www.portraitindex.de/favicon.ico"
      }
    },
    {
      "@id": "http://id.loc.gov/rwo/agents/n93021442",
      "collection": {
        "abbr": "LC",
        "name": "NACO Authority File",
        "publisher": "Library of Congress",
        "icon": "https://www.loc.gov/favicon.ico"
      }
    },
    {
      "@id": "http://viaf.org/viaf/70599704",
      "collection": {
        "abbr": "VIAF",
        "name": "Virtual International Authority File (VIAF)",
        "publisher": "OCLC",
        "icon": "https://viaf.org/viaf/images/viaf.ico"
      }
    },
    {
      "@id": "http://www.wikidata.org/entity/Q55133171",
      "collection": {
        "abbr": "WIKIDATA",
        "name": "Wikidata",
        "publisher": "Wikimedia Foundation Inc.",
        "icon": "https://www.wikidata.org/static/favicon/wikidata.ico"
      }
    },
    {
      "@id": "https://isni.org/isni/0000000061547246",
      "collection": {
        "abbr": "ISNI",
        "name": "International Standard Name Identifier (ISNI)",
        "publisher": "International Standard Name Identifier (ISNI)",
        "icon": "https://www.isni.org/sites/default/files/isni_new_favicon.ico"
      }
    }
  ]
}