{
  "@context": "http://hub.culturegraph.org/entityfacts/context/v1/entityfacts.jsonld",
  "@id": "https://d-nb.info/gnd/100300405",
  "describedBy": {
    "valid": "2026-04-30T02:58:16Z",
    "license": "https://creativecommons.org/publicdomain/zero/1.0/",
    "@id": "https://hub.culturegraph.org/entityfacts/100300405"
  },
  "preferredName": "Franz Langer",
  "surname": "Langer",
  "forename": "Franz",
  "@type": "person",
  "variantName": [
    "Franciscus Langerus"
  ],
  "dateOfBirth": "April 26, 1565",
  "dateOfDeath": "October 2, 1622",
  "placeOfBirth": [
    {
      "@id": "https://d-nb.info/gnd/4041573-9",
      "preferredName": "Neisse"
    }
  ],
  "placeOfDeath": [
    {
      "@id": "https://d-nb.info/gnd/4008216-7",
      "preferredName": "Breslau"
    }
  ],
  "placeOfActivity": [
    {
      "@id": "https://d-nb.info/gnd/4004617-5",
      "preferredName": "Basel"
    }
  ],
  "associatedCountry": [
    {
      "@id": "https://d-nb.info/standards/vocab/gnd/geographic-area-code#XA-DE",
      "preferredName": "Deutschland"
    }
  ],
  "professionOrOccupation": [
    {
      "@id": "https://d-nb.info/gnd/4029050-5",
      "preferredName": "Jurist"
    }
  ],
  "biographicalOrHistoricalInformation": "Deutscher Jurist und Poet; Student in Helmstedt und Basel; Scho\u0308ffenschreiber in Breslau; Student: 1587 Frankfurt a. O.; 1591 Leipzig; Respondent in Basel: 05.08.1595 dr. iur. utr.",
  "relatedPerson": [
    {
      "@id": "https://d-nb.info/gnd/119680289",
      "relationship": "VD-16 Mitverf.",
      "preferredName": "Johannes Gabler"
    },
    {
      "@id": "https://d-nb.info/gnd/119759764",
      "relationship": "VD-16 Mitverf.",
      "preferredName": "Sebastian Menzel"
    },
    {
      "@id": "https://d-nb.info/gnd/119800543",
      "relationship": "VD-16 Mitverf.",
      "preferredName": "Valentin Reiff"
    },
    {
      "relationship": "VD-16 Mitverf.",
      "preferredName": "Elias Reuber"
    },
    {
      "@id": "https://d-nb.info/gnd/119815125",
      "relationship": "VD-16 Mitverf.",
      "preferredName": "Andreas Sartorius"
    },
    {
      "@id": "https://d-nb.info/gnd/100887759",
      "relationship": "VD-16 Mitverf.",
      "preferredName": "Jeremias Setzer"
    },
    {
      "@id": "https://d-nb.info/gnd/119865335",
      "relationship": "VD-16 Mitverf.",
      "preferredName": "Johannes Weding"
    },
    {
      "@id": "https://d-nb.info/gnd/115529640",
      "relationship": "VD-16 Mitverf.",
      "preferredName": "Martin Lange"
    },
    {
      "@id": "https://d-nb.info/gnd/119621967",
      "relationship": "VD-16 Mitverf.",
      "preferredName": "Jacob Biner"
    },
    {
      "@id": "https://d-nb.info/gnd/119873575",
      "relationship": "VD-16 Mitverf.",
      "preferredName": "Andreas Wolf"
    }
  ],
  "familialRelationship": [
    {
      "@id": "https://d-nb.info/gnd/124924565",
      "relationship": "Schwager",
      "preferredName": "Theodor Ebert"
    }
  ],
  "sameAs": [
    {
      "@id": "https://d-nb.info/gnd/100300405/about",
      "collection": {
        "abbr": "DNB",
        "name": "Gemeinsame Normdatei (GND) im Katalog der Deutschen Nationalbibliothek",
        "publisher": "Deutsche Nationalbibliothek",
        "icon": "https://www.dnb.de/SiteGlobals/Frontend/DNBWeb/Images/favicon.png?__blob=normal&v=4"
      }
    },
    {
      "@id": "https://kalliope-verbund.info/gnd/100300405",
      "collection": {
        "abbr": "DE-611",
        "name": "Kalliope Verbundkatalog",
        "publisher": "Staatsbibliothek zu Berlin - Preu\u00dfischer Kulturbesitz",
        "icon": "https://kalliope-verbund.info/img/favicon.ico"
      }
    },
    {
      "@id": "https://raa.gf-franken.de/de/suche-nach-stammbucheintraegen.html?permaLink=1612_lucae;16",
      "collection": {
        "abbr": "RAAE",
        "name": "Repertorium Alborum Amicorum (RAA) - Stammbucheintr\u00e4ge",
        "publisher": "Department Germanistik und Komparatistik der Friedrich-Alexander-Universit\u00e4t Erlangen-N\u00fcrnberg in Zusammenarbeit mit der Gesellschaft f\u00fcr Familienforschung in Franken",
        "icon": "https://www.gf-franken.de/favicon.ico"
      }
    },
    {
      "@id": "https://www.deutsche-digitale-bibliothek.de/person/gnd/100300405",
      "collection": {
        "abbr": "DDB",
        "name": "Deutsche Digitale Bibliothek",
        "publisher": "Deutsche Digitale Bibliothek",
        "icon": "https://www.deutsche-digitale-bibliothek.de/favicon.ico"
      }
    },
    {
      "@id": "http://viaf.org/viaf/10190222",
      "collection": {
        "abbr": "VIAF",
        "name": "Virtual International Authority File (VIAF)",
        "publisher": "OCLC",
        "icon": "https://viaf.org/viaf/images/viaf.ico"
      }
    },
    {
      "@id": "http://www.wikidata.org/entity/Q132878764",
      "collection": {
        "abbr": "WIKIDATA",
        "name": "Wikidata",
        "publisher": "Wikimedia Foundation Inc.",
        "icon": "https://www.wikidata.org/static/favicon/wikidata.ico"
      }
    }
  ]
}