{
  "@context": "http://hub.culturegraph.org/entityfacts/context/v1/entityfacts.jsonld",
  "@id": "https://d-nb.info/gnd/100256236",
  "describedBy": {
    "valid": "2026-04-27T13:50:35Z",
    "license": "https://creativecommons.org/publicdomain/zero/1.0/",
    "@id": "https://hub.culturegraph.org/entityfacts/100256236"
  },
  "preferredName": "Georg Ro\u0308rer",
  "surname": "Ro\u0308rer",
  "forename": "Georg",
  "@type": "person",
  "academicDegree": [
    "Magister"
  ],
  "variantName": [
    "Georg Roerer",
    "Georgius Rorerius",
    "George Ro\u0308rer",
    "Georgius Ro\u0308rarius",
    "Georgius Rorarius",
    "George Rorarius",
    "Georg Rorarius",
    "Georg Rorer",
    "Georg Ro\u0308rarius",
    "Georg Rorerius"
  ],
  "dateOfBirth": "October 1, 1492",
  "dateOfDeath": "April 24, 1557",
  "placeOfBirth": [
    {
      "@id": "https://d-nb.info/gnd/4011295-0",
      "preferredName": "Deggendorf"
    }
  ],
  "placeOfDeath": [
    {
      "@id": "https://d-nb.info/gnd/4028557-1",
      "preferredName": "Jena"
    }
  ],
  "placeOfActivity": [
    {
      "@id": "https://d-nb.info/gnd/4066640-2",
      "preferredName": "Wittenberg"
    },
    {
      "@id": "https://d-nb.info/gnd/4028557-1",
      "preferredName": "Jena"
    }
  ],
  "associatedCountry": [
    {
      "@id": "https://d-nb.info/standards/vocab/gnd/geographic-area-code#XA-DE",
      "preferredName": "Deutschland"
    }
  ],
  "professionOrOccupation": [
    {
      "@id": "https://d-nb.info/gnd/4059756-8",
      "preferredName": "Theologe"
    },
    {
      "@id": "https://d-nb.info/gnd/4015882-2",
      "preferredName": "Evangelischer Theologe"
    },
    {
      "@id": "https://d-nb.info/gnd/4177347-0",
      "preferredName": "Reformator"
    },
    {
      "@id": "https://d-nb.info/gnd/4132592-8",
      "preferredName": "Pfarrer"
    }
  ],
  "gender": {
    "@id": "https://d-nb.info/standards/vocab/gnd/gender#male",
    "label": "Mann"
  },
  "biographicalOrHistoricalInformation": "Dt. evangel. Theologe; enger Mitarbeiter Luthers und Herausgeber seiner Werke; Student in Leipzig und Wittenberg; 1525-1537 Zweiter Diakon an der Stadtkirche in Wittenberg",
  "relatedPerson": [
    {
      "@id": "https://d-nb.info/gnd/118516345",
      "relationship": "VD-16 Mitverf.",
      "preferredName": "Kaspar Brusch"
    },
    {
      "@id": "https://d-nb.info/gnd/123213568",
      "relationship": "VD-16 Mitverf.",
      "preferredName": "Christoph Corner"
    },
    {
      "@id": "https://d-nb.info/gnd/118670182",
      "relationship": "VD-16 Mitverf.",
      "preferredName": "Antonius Corvinus"
    },
    {
      "@id": "https://d-nb.info/gnd/118522582",
      "relationship": "VD-16 Mitverf.",
      "preferredName": "Lucas Cranach, der A\u0308ltere"
    },
    {
      "@id": "https://d-nb.info/gnd/118670646",
      "relationship": "VD-16 Mitverf.",
      "preferredName": "Caspar Cruciger"
    },
    {
      "@id": "https://d-nb.info/gnd/118671928",
      "relationship": "VD-16 Mitverf.",
      "preferredName": "Veit Dietrich"
    },
    {
      "@id": "https://d-nb.info/gnd/119656701",
      "relationship": "VD-16 Mitverf.",
      "preferredName": "Heinrich Dorp"
    },
    {
      "@id": "https://d-nb.info/gnd/119722836",
      "relationship": "VD-16 Mitverf.",
      "preferredName": "Johannes Purvey"
    },
    {
      "relationship": "VD-16 Mitverf.",
      "preferredName": "Johannes Kymaeus"
    },
    {
      "@id": "https://d-nb.info/gnd/118575449",
      "relationship": "VD-16 Mitverf.",
      "preferredName": "Martin Luther"
    }
  ],
  "familialRelationship": [
    {
      "@id": "https://d-nb.info/gnd/1144914159",
      "relationship": "Sohn",
      "preferredName": "Paul Ro\u0308rer"
    }
  ],
  "sameAs": [
    {
      "@id": "https://d-nb.info/gnd/100256236/about",
      "collection": {
        "abbr": "DNB",
        "name": "Gemeinsame Normdatei (GND) im Katalog der Deutschen Nationalbibliothek",
        "publisher": "Deutsche Nationalbibliothek",
        "icon": "https://www.dnb.de/SiteGlobals/Frontend/DNBWeb/Images/favicon.png?__blob=normal&v=4"
      }
    },
    {
      "@id": "https://de.wikipedia.org/wiki/Georg_R%C3%B6rer",
      "collection": {
        "abbr": "dewiki",
        "name": "Wikipedia (Deutsch)",
        "publisher": "Wikimedia Foundation Inc.",
        "icon": "https://de.wikipedia.org/static/favicon/wikipedia.ico"
      }
    },
    {
      "@id": "https://en.wikipedia.org/wiki/Georg_R%C3%B6rer",
      "collection": {
        "abbr": "enwiki",
        "name": "Wikipedia (English)",
        "publisher": "Wikimedia Foundation Inc.",
        "icon": "https://en.wikipedia.org/static/favicon/wikipedia.ico"
      }
    },
    {
      "@id": "https://kalliope-verbund.info/gnd/100256236",
      "collection": {
        "abbr": "DE-611",
        "name": "Kalliope Verbundkatalog",
        "publisher": "Staatsbibliothek zu Berlin - Preu\u00dfischer Kulturbesitz",
        "icon": "https://kalliope-verbund.info/img/favicon.ico"
      }
    },
    {
      "@id": "https://raa.gf-franken.de/de/suche-nach-stammbucheintraegen.html?permaLink=1542_lasan;5",
      "collection": {
        "abbr": "RAAE",
        "name": "Repertorium Alborum Amicorum (RAA) - Stammbucheintr\u00e4ge",
        "publisher": "Department Germanistik und Komparatistik der Friedrich-Alexander-Universit\u00e4t Erlangen-N\u00fcrnberg in Zusammenarbeit mit der Gesellschaft f\u00fcr Familienforschung in Franken",
        "icon": "https://www.gf-franken.de/favicon.ico"
      }
    },
    {
      "@id": "https://raa.gf-franken.de/de/suche-nach-stammbucheintraegen.html?permaLink=1542_nnf;6",
      "collection": {
        "abbr": "RAAE",
        "name": "Repertorium Alborum Amicorum (RAA) - Stammbucheintr\u00e4ge",
        "publisher": "Department Germanistik und Komparatistik der Friedrich-Alexander-Universit\u00e4t Erlangen-N\u00fcrnberg in Zusammenarbeit mit der Gesellschaft f\u00fcr Familienforschung in Franken",
        "icon": "https://www.gf-franken.de/favicon.ico"
      }
    },
    {
      "@id": "https://raa.gf-franken.de/de/suche-nach-stammbucheintraegen.html?permaLink=1542_reinhold;5",
      "collection": {
        "abbr": "RAAE",
        "name": "Repertorium Alborum Amicorum (RAA) - Stammbucheintr\u00e4ge",
        "publisher": "Department Germanistik und Komparatistik der Friedrich-Alexander-Universit\u00e4t Erlangen-N\u00fcrnberg in Zusammenarbeit mit der Gesellschaft f\u00fcr Familienforschung in Franken",
        "icon": "https://www.gf-franken.de/favicon.ico"
      }
    },
    {
      "@id": "https://raa.gf-franken.de/de/suche-nach-stammbucheintraegen.html?permaLink=1545_nnb;4",
      "collection": {
        "abbr": "RAAE",
        "name": "Repertorium Alborum Amicorum (RAA) - Stammbucheintr\u00e4ge",
        "publisher": "Department Germanistik und Komparatistik der Friedrich-Alexander-Universit\u00e4t Erlangen-N\u00fcrnberg in Zusammenarbeit mit der Gesellschaft f\u00fcr Familienforschung in Franken",
        "icon": "https://www.gf-franken.de/favicon.ico"
      }
    },
    {
      "@id": "https://www.deutsche-biographie.de/pnd100256236.html#adbcontent",
      "collection": {
        "abbr": "ADB",
        "name": "Allgemeine Deutsche Biographie (ADB)",
        "publisher": "Historische Kommission bei der Bayerischen Akademie der Wissenschaften und Bayerische Staatsbibliothek",
        "icon": "https://www.deutsche-biographie.de/favicon.ico"
      }
    },
    {
      "@id": "https://www.deutsche-biographie.de/pnd100256236.html#ndbcontent",
      "collection": {
        "abbr": "NDB",
        "name": "Neue Deutsche Biographie (NDB)",
        "publisher": "Historische Kommission bei der Bayerischen Akademie der Wissenschaften und Bayerische Staatsbibliothek",
        "icon": "https://www.deutsche-biographie.de/favicon.ico"
      }
    },
    {
      "@id": "https://www.deutsche-digitale-bibliothek.de/person/gnd/100256236",
      "collection": {
        "abbr": "DDB",
        "name": "Deutsche Digitale Bibliothek",
        "publisher": "Deutsche Digitale Bibliothek",
        "icon": "https://www.deutsche-digitale-bibliothek.de/favicon.ico"
      }
    },
    {
      "@id": "https://www.portraitindex.de/dokumente/pnd/100256236",
      "collection": {
        "abbr": "Portraitindex",
        "name": "Digitaler Portraitindex der druckgraphischen Bildnisse der Fru\u0308hen Neuzeit",
        "publisher": "Deutsches Dokumentationszentrum fu\u0308r Kunstgeschichte - Bildarchiv Foto Marburg",
        "icon": "https://www.portraitindex.de/favicon.ico"
      }
    },
    {
      "@id": "http://id.loc.gov/rwo/agents/n2002079960",
      "collection": {
        "abbr": "LC",
        "name": "NACO Authority File",
        "publisher": "Library of Congress",
        "icon": "https://www.loc.gov/favicon.ico"
      }
    },
    {
      "@id": "http://viaf.org/viaf/37258107",
      "collection": {
        "abbr": "VIAF",
        "name": "Virtual International Authority File (VIAF)",
        "publisher": "OCLC",
        "icon": "https://viaf.org/viaf/images/viaf.ico"
      }
    },
    {
      "@id": "http://www.wikidata.org/entity/Q71709",
      "collection": {
        "abbr": "WIKIDATA",
        "name": "Wikidata",
        "publisher": "Wikimedia Foundation Inc.",
        "icon": "https://www.wikidata.org/static/favicon/wikidata.ico"
      }
    },
    {
      "@id": "https://isni.org/isni/0000000053815431",
      "collection": {
        "abbr": "ISNI",
        "name": "International Standard Name Identifier (ISNI)",
        "publisher": "International Standard Name Identifier (ISNI)",
        "icon": "https://www.isni.org/sites/default/files/isni_new_favicon.ico"
      }
    }
  ]
}