{
  "@context": "http://hub.culturegraph.org/entityfacts/context/v1/entityfacts.jsonld",
  "@id": "https://d-nb.info/gnd/10024615X",
  "describedBy": {
    "valid": "2026-04-27T11:12:30Z",
    "license": "https://creativecommons.org/publicdomain/zero/1.0/",
    "@id": "https://hub.culturegraph.org/entityfacts/10024615X"
  },
  "preferredName": "Wenzel Beyer",
  "surname": "Beyer",
  "forename": "Wenzel",
  "@type": "person",
  "academicDegree": [
    "Dr. med."
  ],
  "variantName": [
    "Wenceslaus Payer",
    "Wenceslaus Payer de Cubito",
    "Va\u0301clav Payer",
    "Va\u0301clav Payer z Lokte",
    "Va\u0301clav Payer z Lokte",
    "Wenceslaus Payer von Elbogen",
    "Wenceslaus Bayer",
    "Wenceslaus Peyer",
    "Wenceslaus Beyer",
    "Wenzel Payer",
    "Wenzel Peyer",
    "Wenzel Bayer",
    "Wenzeslaus Payer",
    "Wenzeslaus Bayer",
    "Wenzeslaus Peyer",
    "Wenzeslaus Beyer",
    "Venceslaus Payer",
    "Venceslaus Bayer",
    "Venceslaus Peyer",
    "Venceslaus Beyer",
    "Wenzel Cubitus Bayer",
    "Wenceslaus Payer de Cubito",
    "Wenceslaus Payer von Elbogen",
    "Wenceslaus Beierinus",
    "Wenceslaus Cubitensis"
  ],
  "dateOfBirth": "1488",
  "dateOfDeath": "1X.03.1537",
  "placeOfBirth": [
    {
      "@id": "https://d-nb.info/gnd/4092475-0",
      "preferredName": "Elbogen"
    }
  ],
  "placeOfActivity": [
    {
      "@id": "https://d-nb.info/gnd/4035206-7",
      "preferredName": "Leipzig"
    },
    {
      "@id": "https://d-nb.info/gnd/4092475-0",
      "preferredName": "Elbogen"
    },
    {
      "@id": "https://d-nb.info/gnd/4096521-1",
      "preferredName": "Sankt Joachimsthal"
    },
    {
      "@id": "https://d-nb.info/gnd/4029705-6",
      "preferredName": "Karlsbad"
    }
  ],
  "associatedCountry": [
    {
      "@id": "https://d-nb.info/standards/vocab/gnd/geographic-area-code#XA-CZ",
      "preferredName": "Tschechische Republik"
    }
  ],
  "professionOrOccupation": [
    {
      "@id": "https://d-nb.info/gnd/4003157-3",
      "preferredName": "Arzt"
    },
    {
      "@id": "https://d-nb.info/gnd/4268052-9",
      "preferredName": "Leibarzt"
    },
    {
      "@id": "https://d-nb.info/gnd/4449132-3",
      "preferredName": "Badearzt"
    }
  ],
  "gender": {
    "@id": "https://d-nb.info/standards/vocab/gnd/gender#male",
    "label": "Mann"
  },
  "biographicalOrHistoricalInformation": "Student in Leipzig; Stadtphysikus in Elbogen (Bo\u0308hmen); Arzt in St. Joachimsthal und in Karlsbad; Leibarzt des Grafen Stefan Schlick; Autor der a\u0308ltesten medizinischen Schrift u\u0308ber die Karlsbader Heilquellen",
  "depiction": {
    "@id": "https://commons.wikimedia.org/wiki/Special:FilePath/V%C3%A1clav%20Payer%20Avers1.jpg",
    "publisher": "Wikimedia Commons",
    "copyrighted": "false",
    "creator": [
      "autor medaile Matthias Schilling"
    ],
    "creditText": [
      "Reprodukce z knihy V\u00e1clava Payera z Lokte Pojedn\u00e1n\u00ed o Karlov\u00fdch Varech (Avicenum Praha 1984, str. 47 a 49)"
    ],
    "license": [
      {
        "@id": "https://creativecommons.org/publicdomain/mark/1.0/",
        "abbr": "PD",
        "name": "Public Domain",
        "attributionRequired": "false",
        "restrictions": ""
      }
    ],
    "url": "https://commons.wikimedia.org/wiki/File:V%C3%A1clav%20Payer%20Avers1.jpg?uselang=en",
    "thumbnail": {
      "@id": "https://commons.wikimedia.org/wiki/Special:FilePath/V%C3%A1clav%20Payer%20Avers1.jpg?width=270"
    }
  },
  "sameAs": [
    {
      "@id": "https://d-nb.info/gnd/10024615X/about",
      "collection": {
        "abbr": "DNB",
        "name": "Gemeinsame Normdatei (GND) im Katalog der Deutschen Nationalbibliothek",
        "publisher": "Deutsche Nationalbibliothek",
        "icon": "https://www.dnb.de/SiteGlobals/Frontend/DNBWeb/Images/favicon.png?__blob=normal&v=4"
      }
    },
    {
      "@id": "https://www.deutsche-biographie.de/pnd10024615X.html#adbcontent",
      "collection": {
        "abbr": "ADB",
        "name": "Allgemeine Deutsche Biographie (ADB)",
        "publisher": "Historische Kommission bei der Bayerischen Akademie der Wissenschaften und Bayerische Staatsbibliothek",
        "icon": "https://www.deutsche-biographie.de/favicon.ico"
      }
    },
    {
      "@id": "https://www.deutsche-digitale-bibliothek.de/person/gnd/10024615X",
      "collection": {
        "abbr": "DDB",
        "name": "Deutsche Digitale Bibliothek",
        "publisher": "Deutsche Digitale Bibliothek",
        "icon": "https://www.deutsche-digitale-bibliothek.de/favicon.ico"
      }
    },
    {
      "@id": "https://www.portraitindex.de/dokumente/pnd/10024615X",
      "collection": {
        "abbr": "Portraitindex",
        "name": "Digitaler Portraitindex der druckgraphischen Bildnisse der Fru\u0308hen Neuzeit",
        "publisher": "Deutsches Dokumentationszentrum fu\u0308r Kunstgeschichte - Bildarchiv Foto Marburg",
        "icon": "https://www.portraitindex.de/favicon.ico"
      }
    },
    {
      "@id": "http://id.loc.gov/rwo/agents/n84126204",
      "collection": {
        "abbr": "LC",
        "name": "NACO Authority File",
        "publisher": "Library of Congress",
        "icon": "https://www.loc.gov/favicon.ico"
      }
    },
    {
      "@id": "http://viaf.org/viaf/34796908",
      "collection": {
        "abbr": "VIAF",
        "name": "Virtual International Authority File (VIAF)",
        "publisher": "OCLC",
        "icon": "https://viaf.org/viaf/images/viaf.ico"
      }
    },
    {
      "@id": "http://www.wikidata.org/entity/Q11985765",
      "collection": {
        "abbr": "WIKIDATA",
        "name": "Wikidata",
        "publisher": "Wikimedia Foundation Inc.",
        "icon": "https://www.wikidata.org/static/favicon/wikidata.ico"
      }
    },
    {
      "@id": "https://isni.org/isni/000000010887216X",
      "collection": {
        "abbr": "ISNI",
        "name": "International Standard Name Identifier (ISNI)",
        "publisher": "International Standard Name Identifier (ISNI)",
        "icon": "https://www.isni.org/sites/default/files/isni_new_favicon.ico"
      }
    }
  ]
}