{
  "@context": "http://hub.culturegraph.org/entityfacts/context/v1/entityfacts.jsonld",
  "@id": "https://d-nb.info/gnd/100237045",
  "describedBy": {
    "valid": "2026-04-27T11:13:13Z",
    "license": "https://creativecommons.org/publicdomain/zero/1.0/",
    "@id": "https://hub.culturegraph.org/entityfacts/100237045"
  },
  "preferredName": "Johann Olearius",
  "surname": "Olearius",
  "forename": "Johann",
  "@type": "person",
  "academicDegree": [
    "Dr. theol."
  ],
  "variantName": [
    "Olearius",
    "Joannes Olearius",
    "Johannes Olearius",
    "Johann Coppermann",
    "Johann Kupfermann",
    "Johann Kupffermann",
    "Johann Koppermann",
    "Johann Oelschla\u0308ger",
    "Iohannes Olearius",
    "Johan Olearius",
    "Johannes Olearius, I.",
    "Johannes Oelschla\u0308ger"
  ],
  "dateOfBirth": "September 17, 1546",
  "dateOfDeath": "January 26, 1623",
  "placeOfBirth": [
    {
      "@id": "https://d-nb.info/gnd/4065697-4",
      "preferredName": "Wesel"
    }
  ],
  "placeOfDeath": [
    {
      "@id": "https://d-nb.info/gnd/4023025-9",
      "preferredName": "Halle (Saale)"
    }
  ],
  "placeOfActivity": [
    {
      "@id": "https://d-nb.info/gnd/4031541-1",
      "preferredName": "Ko\u0308nigsberg"
    },
    {
      "@id": "https://d-nb.info/gnd/4024344-8",
      "preferredName": "Helmstedt"
    },
    {
      "@id": "https://d-nb.info/gnd/4023025-9",
      "preferredName": "Halle (Saale)"
    }
  ],
  "associatedCountry": [
    {
      "@id": "https://d-nb.info/standards/vocab/gnd/geographic-area-code#XA-DE",
      "preferredName": "Deutschland"
    }
  ],
  "professionOrOccupation": [
    {
      "@id": "https://d-nb.info/gnd/4015882-2",
      "preferredName": "Evangelischer Theologe"
    },
    {
      "@id": "https://d-nb.info/gnd/4132592-8",
      "preferredName": "Pfarrer"
    },
    {
      "@id": "https://d-nb.info/gnd/4184110-4",
      "preferredName": "Superintendent"
    },
    {
      "@id": "https://d-nb.info/gnd/4158589-6",
      "preferredName": "Gymnasiallehrer"
    },
    {
      "@id": "https://d-nb.info/gnd/4199252-0",
      "preferredName": "Rektor"
    },
    {
      "@id": "https://d-nb.info/gnd/4025243-7",
      "preferredName": "Hochschullehrer"
    }
  ],
  "gender": {
    "@id": "https://d-nb.info/standards/vocab/gnd/gender#male",
    "label": "Mann"
  },
  "biographicalOrHistoricalInformation": "Evangelisch-lutherischer Theologe; Student in Marburg und Jena (1573 Magister); Promotion 1579 in Helmstedt; Rektor am Gymnasium Ko\u0308nigsberg (1574-1577); Prof. hebr. der Univ. Ko\u0308nigsberg (1577-1578); Prof. theol. der Univ. Helmstedt (1578-1581); Oberpfarrer an Unser Lieben Frauen und Superintendent in Halle (1581-1623); Begru\u0308nder der lutherischen Orthodoxie in Mitteldeutschland; Stammvater der Gelehrtenfamilie Olearius",
  "relatedPerson": [
    {
      "@id": "https://d-nb.info/gnd/119813092",
      "relationship": "VD-16 Mitverf.",
      "preferredName": "Siegfried Sack"
    },
    {
      "relationship": "VD-16 Mitverf.",
      "preferredName": "Heinrich Hesshusen"
    },
    {
      "@id": "https://d-nb.info/gnd/100833195",
      "relationship": "VD-16 Mitverf.",
      "preferredName": "Joachim, a Burck"
    },
    {
      "relationship": "VD-16 Mitverf.",
      "preferredName": "Tilemann Hesshusen"
    },
    {
      "relationship": "VD-16 Mitverf.",
      "preferredName": "Nikolaus Selneccer"
    },
    {
      "@id": "https://d-nb.info/gnd/122968468",
      "relationship": "VD-16 Mitverf.",
      "preferredName": "Christian Egenolff"
    },
    {
      "@id": "https://d-nb.info/gnd/119765411",
      "relationship": "VD-16 Mitverf.",
      "preferredName": "Ludwig Molitor"
    },
    {
      "@id": "https://d-nb.info/gnd/124661122",
      "relationship": "VD-16 Mitverf.",
      "preferredName": "Ludwig Helmbold"
    },
    {
      "@id": "https://d-nb.info/gnd/119775409",
      "relationship": "VD-16 Mitverf.",
      "preferredName": "Johann Noricus"
    },
    {
      "@id": "https://d-nb.info/gnd/121803406",
      "relationship": "VD-16 Mitverf.",
      "preferredName": "David Chytra\u0308us"
    }
  ],
  "familialRelationship": [
    {
      "@id": "https://d-nb.info/gnd/137668260",
      "relationship": "1. Ehefrau",
      "preferredName": "Anna Olearius"
    },
    {
      "@id": "https://d-nb.info/gnd/118639595",
      "relationship": "Schwiegervater",
      "preferredName": "Tilemann Heshusen"
    },
    {
      "@id": "https://d-nb.info/gnd/121462250",
      "relationship": "2. Ehefrau",
      "preferredName": "Sybilla Olearius"
    },
    {
      "@id": "https://d-nb.info/gnd/119831570",
      "relationship": "Schwiegervater",
      "preferredName": "Nikolaus Nikander"
    },
    {
      "@id": "https://d-nb.info/gnd/10413660X",
      "relationship": "Sohn",
      "preferredName": "Johannes Olearius"
    },
    {
      "@id": "https://d-nb.info/gnd/117621676",
      "relationship": "Sohn",
      "preferredName": "Gottfried Olearius"
    },
    {
      "@id": "https://d-nb.info/gnd/128862653",
      "relationship": "Sohn",
      "preferredName": "Tilemann Olearius"
    },
    {
      "@id": "https://d-nb.info/gnd/12854113X",
      "relationship": "Sohn",
      "preferredName": "Johann Olearius"
    },
    {
      "@id": "https://d-nb.info/gnd/1011172909",
      "relationship": "Tochter",
      "preferredName": "Anna Bencker"
    },
    {
      "@id": "https://d-nb.info/gnd/129249548",
      "relationship": "Tochter",
      "preferredName": "Elisabeth Nicander"
    },
    {
      "@id": "https://d-nb.info/gnd/104384638",
      "relationship": "Tochter",
      "preferredName": "Catharina Cuno"
    },
    {
      "@id": "https://d-nb.info/gnd/120255766X",
      "relationship": "Tochter",
      "preferredName": "Christina Cuno"
    }
  ],
  "depiction": {
    "@id": "https://commons.wikimedia.org/wiki/Special:FilePath/Johannes-Olearius-I.jpg",
    "publisher": "Wikimedia Commons",
    "copyrighted": "false",
    "creator": [
      "Christoph Melchior Roth (Stecher, engraver; \u2020 1798)"
    ],
    "creditText": [
      "Johann Christoph von Dreyhaupt: Pagus Neletizi et Nudzici, oder ausf\u00fchrliche diplomatisch-historische Beschreibung des zum ehemaligen Primat und Ertz-Stifft, nunmehr aber durch den westph\u00e4lischen Friedens-Schlu\u00df secularisirten Herzogthum Magdeburg geh\u00f6rigen Saal-Kreyses und aller darinnen befindlichen St\u00e4dte, Schl\u00f6sser, Aemter, Ritterg\u00fcter, adelichen Familien, Kirchen, Cl\u00f6ster, Pfarren und D\u00f6rffer, insonderheit der St\u00e4dte Halle, Neumarckt, Glaucha, Wettin, L\u00f6beg\u00fcn, C\u00f6nnern und Alsleben; aus Actis publicis und glaubw\u00fcrdigen \u2026 Nachrichten mit Flei\u00df zusammengetragen, mit vielen ungedruckten Dacumenten best\u00e4rcket, mit Kupferstichen und Abrissen gezieret, und mit den n\u00f6thigen Registern versehen. Emanuel Schneider, Halle 1749/50, Bd. 2"
    ],
    "license": [
      {
        "@id": "https://creativecommons.org/publicdomain/mark/1.0/",
        "abbr": "PD",
        "name": "Public Domain",
        "attributionRequired": "false",
        "restrictions": ""
      }
    ],
    "url": "https://commons.wikimedia.org/wiki/File:Johannes-Olearius-I.jpg?uselang=en",
    "thumbnail": {
      "@id": "https://commons.wikimedia.org/wiki/Special:FilePath/Johannes-Olearius-I.jpg?width=270"
    }
  },
  "sameAs": [
    {
      "@id": "https://d-nb.info/gnd/100237045/about",
      "collection": {
        "abbr": "DNB",
        "name": "Gemeinsame Normdatei (GND) im Katalog der Deutschen Nationalbibliothek",
        "publisher": "Deutsche Nationalbibliothek",
        "icon": "https://www.dnb.de/SiteGlobals/Frontend/DNBWeb/Images/favicon.png?__blob=normal&v=4"
      }
    },
    {
      "@id": "https://de.wikipedia.org/wiki/Johannes_Olearius_%28Theologe%2C_1546%29",
      "collection": {
        "abbr": "dewiki",
        "name": "Wikipedia (Deutsch)",
        "publisher": "Wikimedia Foundation Inc.",
        "icon": "https://de.wikipedia.org/static/favicon/wikipedia.ico"
      }
    },
    {
      "@id": "https://kalliope-verbund.info/gnd/100237045",
      "collection": {
        "abbr": "DE-611",
        "name": "Kalliope Verbundkatalog",
        "publisher": "Staatsbibliothek zu Berlin - Preu\u00dfischer Kulturbesitz",
        "icon": "https://kalliope-verbund.info/img/favicon.ico"
      }
    },
    {
      "@id": "https://raa.gf-franken.de/de/suche-nach-stammbucheintraegen.html?permaLink=1542_wesener;8",
      "collection": {
        "abbr": "RAAE",
        "name": "Repertorium Alborum Amicorum (RAA) - Stammbucheintr\u00e4ge",
        "publisher": "Department Germanistik und Komparatistik der Friedrich-Alexander-Universit\u00e4t Erlangen-N\u00fcrnberg in Zusammenarbeit mit der Gesellschaft f\u00fcr Familienforschung in Franken",
        "icon": "https://www.gf-franken.de/favicon.ico"
      }
    },
    {
      "@id": "https://raa.gf-franken.de/de/suche-nach-stammbucheintraegen.html?permaLink=1574_rosmutius;27",
      "collection": {
        "abbr": "RAAE",
        "name": "Repertorium Alborum Amicorum (RAA) - Stammbucheintr\u00e4ge",
        "publisher": "Department Germanistik und Komparatistik der Friedrich-Alexander-Universit\u00e4t Erlangen-N\u00fcrnberg in Zusammenarbeit mit der Gesellschaft f\u00fcr Familienforschung in Franken",
        "icon": "https://www.gf-franken.de/favicon.ico"
      }
    },
    {
      "@id": "https://raa.gf-franken.de/de/suche-nach-stammbucheintraegen.html?permaLink=1596_schelhammer;8",
      "collection": {
        "abbr": "RAAE",
        "name": "Repertorium Alborum Amicorum (RAA) - Stammbucheintr\u00e4ge",
        "publisher": "Department Germanistik und Komparatistik der Friedrich-Alexander-Universit\u00e4t Erlangen-N\u00fcrnberg in Zusammenarbeit mit der Gesellschaft f\u00fcr Familienforschung in Franken",
        "icon": "https://www.gf-franken.de/favicon.ico"
      }
    },
    {
      "@id": "https://www.deutsche-biographie.de/pnd100237045.html#adbcontent",
      "collection": {
        "abbr": "ADB",
        "name": "Allgemeine Deutsche Biographie (ADB)",
        "publisher": "Historische Kommission bei der Bayerischen Akademie der Wissenschaften und Bayerische Staatsbibliothek",
        "icon": "https://www.deutsche-biographie.de/favicon.ico"
      }
    },
    {
      "@id": "https://www.deutsche-digitale-bibliothek.de/person/gnd/100237045",
      "collection": {
        "abbr": "DDB",
        "name": "Deutsche Digitale Bibliothek",
        "publisher": "Deutsche Digitale Bibliothek",
        "icon": "https://www.deutsche-digitale-bibliothek.de/favicon.ico"
      }
    },
    {
      "@id": "https://www.portraitindex.de/dokumente/pnd/100237045",
      "collection": {
        "abbr": "Portraitindex",
        "name": "Digitaler Portraitindex der druckgraphischen Bildnisse der Fru\u0308hen Neuzeit",
        "publisher": "Deutsches Dokumentationszentrum fu\u0308r Kunstgeschichte - Bildarchiv Foto Marburg",
        "icon": "https://www.portraitindex.de/favicon.ico"
      }
    },
    {
      "@id": "http://id.loc.gov/rwo/agents/no98099431",
      "collection": {
        "abbr": "LC",
        "name": "NACO Authority File",
        "publisher": "Library of Congress",
        "icon": "https://www.loc.gov/favicon.ico"
      }
    },
    {
      "@id": "http://viaf.org/viaf/64348167",
      "collection": {
        "abbr": "VIAF",
        "name": "Virtual International Authority File (VIAF)",
        "publisher": "OCLC",
        "icon": "https://viaf.org/viaf/images/viaf.ico"
      }
    },
    {
      "@id": "http://www.wikidata.org/entity/Q1250101",
      "collection": {
        "abbr": "WIKIDATA",
        "name": "Wikidata",
        "publisher": "Wikimedia Foundation Inc.",
        "icon": "https://www.wikidata.org/static/favicon/wikidata.ico"
      }
    },
    {
      "@id": "https://isni.org/isni/0000000054857334",
      "collection": {
        "abbr": "ISNI",
        "name": "International Standard Name Identifier (ISNI)",
        "publisher": "International Standard Name Identifier (ISNI)",
        "icon": "https://www.isni.org/sites/default/files/isni_new_favicon.ico"
      }
    }
  ]
}