{
  "@context": "http://hub.culturegraph.org/entityfacts/context/v1/entityfacts.jsonld",
  "@id": "https://d-nb.info/gnd/100216447",
  "describedBy": {
    "valid": "2026-04-27T11:13:17Z",
    "license": "https://creativecommons.org/publicdomain/zero/1.0/",
    "@id": "https://hub.culturegraph.org/entityfacts/100216447"
  },
  "preferredName": "Georg Mylius",
  "surname": "Mylius",
  "forename": "Georg",
  "@type": "person",
  "variantName": [
    "Georgius Mu\u0308ller",
    "Georg Mu\u0308llern",
    "Georg Mo\u0308ller",
    "Georgius Miller",
    "Georg Miller, der A\u0308ltere",
    "Georgius Millerus",
    "George Mylius",
    "Georg Milius",
    "Georg Mylius Mu\u0308ller",
    "Georgius Milius",
    "Georg Go\u0308ring",
    "Georg Muller, aus Augsburg",
    "Georgius Mullerus",
    "Georg Muller",
    "G. M. D.",
    "Georg Mu\u0308ller",
    "Georg Mylius Mu\u0308ller",
    "Georgius Mylius",
    "Georgius Mollerus",
    "Georgius Moellerus",
    "Georg Miller",
    "Georg Gering",
    "Georg Mu\u0308ller",
    "Georg Gering"
  ],
  "dateOfBirth": "1548",
  "dateOfDeath": "May 18, 1607",
  "placeOfBirth": [
    {
      "@id": "https://d-nb.info/gnd/4003614-5",
      "preferredName": "Augsburg"
    }
  ],
  "placeOfDeath": [
    {
      "@id": "https://d-nb.info/gnd/4066640-2",
      "preferredName": "Wittenberg"
    }
  ],
  "placeOfActivity": [
    {
      "@id": "https://d-nb.info/gnd/4003614-5",
      "preferredName": "Augsburg"
    },
    {
      "@id": "https://d-nb.info/gnd/4066640-2",
      "preferredName": "Wittenberg"
    },
    {
      "@id": "https://d-nb.info/gnd/4028557-1",
      "preferredName": "Jena"
    }
  ],
  "associatedCountry": [
    {
      "@id": "https://d-nb.info/standards/vocab/gnd/geographic-area-code#XA-DE",
      "preferredName": "Deutschland"
    }
  ],
  "professionOrOccupation": [
    {
      "@id": "https://d-nb.info/gnd/4015882-2",
      "preferredName": "Evangelischer Theologe"
    },
    {
      "@id": "https://d-nb.info/gnd/4025243-7",
      "preferredName": "Hochschullehrer"
    },
    {
      "@id": "https://d-nb.info/gnd/4132592-8",
      "preferredName": "Pfarrer"
    },
    {
      "@id": "https://d-nb.info/gnd/4184110-4",
      "preferredName": "Superintendent"
    }
  ],
  "gender": {
    "@id": "https://d-nb.info/standards/vocab/gnd/gender#male",
    "label": "Mann"
  },
  "biographicalOrHistoricalInformation": "Evangelisch-lutherischer Theologe; Superintendent und Rektor der ev. Schule in Augsburg; ab 1585 Prediger und Professor in Wittenberg; ab 1589 Prof. theol. in Jena; ab 1603 wieder Professor und Superintendent in Wittenberg",
  "relatedPerson": [
    {
      "@id": "https://d-nb.info/gnd/11966934X",
      "relationship": "VD-16 Mitverf.",
      "preferredName": "Moritz Faschang"
    },
    {
      "@id": "https://d-nb.info/gnd/120477394",
      "relationship": "VD-16 Mitverf.",
      "preferredName": "Christoph Gruner"
    },
    {
      "relationship": "Augsburg; VD-16 Mitverf.",
      "preferredName": "Jakob Pflaum"
    },
    {
      "relationship": "Reinsta\u0308dt; VD-16 Mitverf.",
      "preferredName": "Johannes Maior"
    },
    {
      "relationship": "VD-16 Mitverf.",
      "preferredName": "Johannes Terellius"
    },
    {
      "relationship": "VD-16 Mitverf.",
      "preferredName": "Johannes Georg Volckmar"
    },
    {
      "@id": "https://d-nb.info/gnd/118950037",
      "relationship": "VD-16 Mitverf.",
      "preferredName": "Leonhard Hutter"
    },
    {
      "relationship": "Danzig; VD-16 Mitverf.",
      "preferredName": "Lorenz Fabricius"
    },
    {
      "@id": "https://d-nb.info/gnd/10433245X",
      "relationship": "VD-16 Mitverf.",
      "preferredName": "Johannes Hofstetter"
    },
    {
      "relationship": "VD-16 Mitverf.",
      "preferredName": "Cornelius Becker"
    },
    {
      "relationship": "VD-16 Mitverf.",
      "preferredName": "Nikolaus Rebhan"
    },
    {
      "@id": "https://d-nb.info/gnd/119795485",
      "relationship": "VD-16 Mitverf.",
      "preferredName": "Paul Prummer"
    },
    {
      "relationship": "VD-16 Mitverf.",
      "preferredName": "Nikolaus Rost"
    },
    {
      "@id": "https://d-nb.info/gnd/119781085",
      "relationship": "VD-16 Mitverf.",
      "preferredName": "Johannes Pappus, der Ju\u0308ngere"
    },
    {
      "@id": "https://d-nb.info/gnd/100069983",
      "relationship": "VD-16 Mitverf.",
      "preferredName": "Nikolaus Reusner"
    },
    {
      "@id": "https://d-nb.info/gnd/119702347",
      "relationship": "VD-16 Mitverf.",
      "preferredName": "Heinrich Heidenreich"
    },
    {
      "@id": "https://d-nb.info/gnd/119714299",
      "relationship": "VD-16 Mitverf.",
      "preferredName": "Michael Hopf"
    },
    {
      "@id": "https://d-nb.info/gnd/128710527",
      "relationship": "VD-16 Mitverf.",
      "preferredName": "Ambrosius Chemnitz"
    },
    {
      "@id": "https://d-nb.info/gnd/119844311",
      "relationship": "VD-16 Mitverf.",
      "preferredName": "Johannes Sveno Raumannus"
    },
    {
      "@id": "https://d-nb.info/gnd/118575449",
      "relationship": "VD-16 Mitverf.",
      "preferredName": "Martin Luther"
    }
  ],
  "familialRelationship": [
    {
      "@id": "https://d-nb.info/gnd/121867277",
      "relationship": "2. Ehefrau",
      "preferredName": "Veronica Jonius"
    },
    {
      "@id": "https://d-nb.info/gnd/120800659",
      "relationship": "Sohn",
      "preferredName": "Anton Mylius"
    },
    {
      "@id": "https://d-nb.info/gnd/12972162X",
      "relationship": "Sohn",
      "preferredName": "Georg Mylius"
    },
    {
      "@id": "https://d-nb.info/gnd/136707424",
      "relationship": "Sohn",
      "preferredName": "Polycarp Mylius"
    },
    {
      "@id": "https://d-nb.info/gnd/132072408",
      "relationship": "Sohn",
      "preferredName": "Gabriel Mylius"
    },
    {
      "@id": "https://d-nb.info/gnd/129281727",
      "relationship": "Tochter",
      "preferredName": "Catharina Mylius"
    }
  ],
  "depiction": {
    "@id": "https://commons.wikimedia.org/wiki/Special:FilePath/Georg-Mylius-01.jpg",
    "publisher": "Wikimedia Commons",
    "copyrighted": "false",
    "creator": [
      "Unknown authorUnknown author"
    ],
    "creditText": [
      "in der Stadtkirche der Lutherstadt Wittenberg"
    ],
    "license": [
      {
        "@id": "https://creativecommons.org/publicdomain/mark/1.0/",
        "abbr": "PD",
        "name": "Public Domain",
        "attributionRequired": "false",
        "restrictions": ""
      }
    ],
    "url": "https://commons.wikimedia.org/wiki/File:Georg-Mylius-01.jpg?uselang=en",
    "thumbnail": {
      "@id": "https://commons.wikimedia.org/wiki/Special:FilePath/Georg-Mylius-01.jpg?width=270"
    }
  },
  "sameAs": [
    {
      "@id": "https://d-nb.info/gnd/100216447/about",
      "collection": {
        "abbr": "DNB",
        "name": "Gemeinsame Normdatei (GND) im Katalog der Deutschen Nationalbibliothek",
        "publisher": "Deutsche Nationalbibliothek",
        "icon": "https://www.dnb.de/SiteGlobals/Frontend/DNBWeb/Images/favicon.png?__blob=normal&v=4"
      }
    },
    {
      "@id": "https://de.wikipedia.org/wiki/Georg_Mylius_%28Theologe%2C_1548%29",
      "collection": {
        "abbr": "dewiki",
        "name": "Wikipedia (Deutsch)",
        "publisher": "Wikimedia Foundation Inc.",
        "icon": "https://de.wikipedia.org/static/favicon/wikipedia.ico"
      }
    },
    {
      "@id": "https://kalliope-verbund.info/gnd/100216447",
      "collection": {
        "abbr": "DE-611",
        "name": "Kalliope Verbundkatalog",
        "publisher": "Staatsbibliothek zu Berlin - Preu\u00dfischer Kulturbesitz",
        "icon": "https://kalliope-verbund.info/img/favicon.ico"
      }
    },
    {
      "@id": "https://raa.gf-franken.de/de/suche-nach-stammbucheintraegen.html?permaLink=1542_wesener;11",
      "collection": {
        "abbr": "RAAE",
        "name": "Repertorium Alborum Amicorum (RAA) - Stammbucheintr\u00e4ge",
        "publisher": "Department Germanistik und Komparatistik der Friedrich-Alexander-Universit\u00e4t Erlangen-N\u00fcrnberg in Zusammenarbeit mit der Gesellschaft f\u00fcr Familienforschung in Franken",
        "icon": "https://www.gf-franken.de/favicon.ico"
      }
    },
    {
      "@id": "https://www.deutsche-biographie.de/pnd100216447.html#adbcontent",
      "collection": {
        "abbr": "ADB",
        "name": "Allgemeine Deutsche Biographie (ADB)",
        "publisher": "Historische Kommission bei der Bayerischen Akademie der Wissenschaften und Bayerische Staatsbibliothek",
        "icon": "https://www.deutsche-biographie.de/favicon.ico"
      }
    },
    {
      "@id": "https://www.deutsche-digitale-bibliothek.de/person/gnd/100216447",
      "collection": {
        "abbr": "DDB",
        "name": "Deutsche Digitale Bibliothek",
        "publisher": "Deutsche Digitale Bibliothek",
        "icon": "https://www.deutsche-digitale-bibliothek.de/favicon.ico"
      }
    },
    {
      "@id": "https://www.portraitindex.de/dokumente/pnd/100216447",
      "collection": {
        "abbr": "Portraitindex",
        "name": "Digitaler Portraitindex der druckgraphischen Bildnisse der Fru\u0308hen Neuzeit",
        "publisher": "Deutsches Dokumentationszentrum fu\u0308r Kunstgeschichte - Bildarchiv Foto Marburg",
        "icon": "https://www.portraitindex.de/favicon.ico"
      }
    },
    {
      "@id": "http://id.loc.gov/rwo/agents/nr2005006756",
      "collection": {
        "abbr": "LC",
        "name": "NACO Authority File",
        "publisher": "Library of Congress",
        "icon": "https://www.loc.gov/favicon.ico"
      }
    },
    {
      "@id": "http://viaf.org/viaf/12646749",
      "collection": {
        "abbr": "VIAF",
        "name": "Virtual International Authority File (VIAF)",
        "publisher": "OCLC",
        "icon": "https://viaf.org/viaf/images/viaf.ico"
      }
    },
    {
      "@id": "http://www.wikidata.org/entity/Q1505428",
      "collection": {
        "abbr": "WIKIDATA",
        "name": "Wikidata",
        "publisher": "Wikimedia Foundation Inc.",
        "icon": "https://www.wikidata.org/static/favicon/wikidata.ico"
      }
    },
    {
      "@id": "https://isni.org/isni/0000000117434866",
      "collection": {
        "abbr": "ISNI",
        "name": "International Standard Name Identifier (ISNI)",
        "publisher": "International Standard Name Identifier (ISNI)",
        "icon": "https://www.isni.org/sites/default/files/isni_new_favicon.ico"
      }
    }
  ]
}