{
  "@context": "http://hub.culturegraph.org/entityfacts/context/v1/entityfacts.jsonld",
  "@id": "https://d-nb.info/gnd/100205828",
  "describedBy": {
    "valid": "2026-04-29T23:06:23Z",
    "license": "https://creativecommons.org/publicdomain/zero/1.0/",
    "@id": "https://hub.culturegraph.org/entityfacts/100205828"
  },
  "preferredName": "Jakob Martini",
  "surname": "Martini",
  "forename": "Jakob",
  "@type": "person",
  "academicDegree": [
    "Dr. theol."
  ],
  "variantName": [
    "Jacob Martini",
    "Jacobus Martini",
    "Iacobus Martini",
    "J. Martini",
    "Jacob Martin",
    "Jakob Martin",
    "Jacobus Martinus"
  ],
  "dateOfBirth": "October 16, 1570",
  "dateOfDeath": "May 30, 1649",
  "placeOfBirth": [
    {
      "@id": "https://d-nb.info/gnd/1068019913",
      "preferredName": "Langenstein (Halberstadt)"
    }
  ],
  "placeOfDeath": [
    {
      "@id": "https://d-nb.info/gnd/4066640-2",
      "preferredName": "Wittenberg"
    }
  ],
  "placeOfActivity": [
    {
      "@id": "https://d-nb.info/gnd/4066640-2",
      "preferredName": "Wittenberg"
    }
  ],
  "associatedCountry": [
    {
      "@id": "https://d-nb.info/standards/vocab/gnd/geographic-area-code#XA-DE",
      "preferredName": "Deutschland"
    }
  ],
  "professionOrOccupation": [
    {
      "@id": "https://d-nb.info/gnd/4015882-2",
      "preferredName": "Evangelischer Theologe"
    },
    {
      "@id": "https://d-nb.info/gnd/4045790-4",
      "preferredName": "Philosoph"
    },
    {
      "@id": "https://d-nb.info/gnd/4025243-7",
      "preferredName": "Hochschullehrer"
    },
    {
      "@id": "https://d-nb.info/gnd/4132592-8",
      "preferredName": "Pfarrer"
    },
    {
      "@id": "https://d-nb.info/gnd/4209068-4",
      "preferredName": "Propst"
    },
    {
      "@id": "https://d-nb.info/gnd/4158589-6",
      "preferredName": "Gymnasiallehrer"
    },
    {
      "@id": "https://d-nb.info/gnd/4199252-0",
      "preferredName": "Rektor"
    },
    {
      "@id": "https://d-nb.info/gnd/4184110-4",
      "preferredName": "Superintendent"
    }
  ],
  "gender": {
    "@id": "https://d-nb.info/standards/vocab/gnd/gender#male",
    "label": "Mann"
  },
  "biographicalOrHistoricalInformation": "Evangelisch-lutherischer Theologe und Philosoph; 1590 Student in Helmstedt; 1593 Student in Wittenberg, Adjunkt der Phil. Fakulta\u0308t; 1597 Gymnasialrektor und Pfarrer in Norden (Ostfriesland); 1599 Schlossprediger und Superintendent in Berum (Ostfriesland); ab 1602 Professor in Wittenberg, 1627 auch Propst der Wittenberger Schlosskirche und Assessor des Konsistoriums",
  "relatedPerson": [
    {
      "@id": "https://d-nb.info/gnd/120447886",
      "relationship": "VD-16 Mitverf.",
      "preferredName": "Christoph Burchard"
    },
    {
      "@id": "https://d-nb.info/gnd/104338245",
      "relationship": "VD-16 Mitverf.",
      "preferredName": "Christoph Caesar"
    },
    {
      "@id": "https://d-nb.info/gnd/117543640",
      "relationship": "VD-16 Mitverf.",
      "preferredName": "Salomon Gesner"
    },
    {
      "@id": "https://d-nb.info/gnd/119727560",
      "relationship": "VD-16 Mitverf.",
      "preferredName": "Johannes Kempf"
    },
    {
      "@id": "https://d-nb.info/gnd/120447924",
      "relationship": "VD-16 Mitverf.",
      "preferredName": "Philipp Leopoldi"
    },
    {
      "@id": "https://d-nb.info/gnd/119743922",
      "relationship": "VD-16 Mitverf.",
      "preferredName": "Reimerus Ligarius"
    },
    {
      "@id": "https://d-nb.info/gnd/119744821",
      "relationship": "VD-16 Mitverf.",
      "preferredName": "Auctor Lindius"
    },
    {
      "@id": "https://d-nb.info/gnd/119745704",
      "relationship": "VD-16 Mitverf.",
      "preferredName": "Johannes Lobhartzberger"
    },
    {
      "relationship": "Salzwedel; VD-16 Mitverf.",
      "preferredName": "Joachim Mu\u0308ller"
    },
    {
      "relationship": "VD-16 Mitverf.",
      "preferredName": "Kaspar Pfafrad"
    }
  ],
  "familialRelationship": [
    {
      "@id": "https://d-nb.info/gnd/120411229",
      "relationship": "Vater",
      "preferredName": "Adam Martini"
    },
    {
      "@id": "https://d-nb.info/gnd/115356517",
      "relationship": "Mutter",
      "preferredName": "Anna Martini"
    },
    {
      "@id": "https://d-nb.info/gnd/141526602",
      "relationship": "erste Ehefrau",
      "preferredName": "Agnes Martini"
    },
    {
      "@id": "https://d-nb.info/gnd/129902683",
      "relationship": "zweite Ehefrau",
      "preferredName": "Magdalena Martini"
    },
    {
      "@id": "https://d-nb.info/gnd/10425095X",
      "relationship": "Sohn",
      "preferredName": "Andreas Martini"
    },
    {
      "@id": "https://d-nb.info/gnd/130330175",
      "relationship": "Sohn",
      "preferredName": "Johann Friedrich Martini"
    },
    {
      "@id": "https://d-nb.info/gnd/104250984",
      "relationship": "Sohn",
      "preferredName": "Balthasar Johann Martini"
    },
    {
      "@id": "https://d-nb.info/gnd/1022617702",
      "relationship": "Sohn",
      "preferredName": "Adam Jacob Martini"
    },
    {
      "@id": "https://d-nb.info/gnd/1166902099",
      "relationship": "Sohn",
      "preferredName": "Ezard Martini"
    },
    {
      "@id": "https://d-nb.info/gnd/1162100699",
      "relationship": "Tochter",
      "preferredName": "Maria Catharina Martini"
    }
  ],
  "depiction": {
    "@id": "https://commons.wikimedia.org/wiki/Special:FilePath/Jacobus%20Martini%2C%20PA01619.jpg",
    "publisher": "Wikimedia Commons",
    "copyrighted": "false",
    "creator": [
      "Buchner, August (1591-1661) (artist) (writer of the poem)"
    ],
    "creditText": [
      "https://libis-kul.primo.exlibrisgroup.com/discovery/collectionDiscovery?vid=32KUL_KUL:KULeuven&amp;collectionId=81531994540001488&amp;lang=en&amp;sortItemsBy=date_a&amp;query=any,contains,PA01619"
    ],
    "license": [
      {
        "@id": "https://creativecommons.org/publicdomain/mark/1.0/",
        "abbr": "PD",
        "name": "Public Domain",
        "attributionRequired": "false",
        "restrictions": ""
      }
    ],
    "url": "https://commons.wikimedia.org/wiki/File:Jacobus%20Martini%2C%20PA01619.jpg?uselang=en",
    "thumbnail": {
      "@id": "https://commons.wikimedia.org/wiki/Special:FilePath/Jacobus%20Martini%2C%20PA01619.jpg?width=270"
    }
  },
  "sameAs": [
    {
      "@id": "https://d-nb.info/gnd/100205828/about",
      "collection": {
        "abbr": "DNB",
        "name": "Gemeinsame Normdatei (GND) im Katalog der Deutschen Nationalbibliothek",
        "publisher": "Deutsche Nationalbibliothek",
        "icon": "https://www.dnb.de/SiteGlobals/Frontend/DNBWeb/Images/favicon.png?__blob=normal&v=4"
      }
    },
    {
      "@id": "http://catalogue.bnf.fr/ark:/12148/cb11988337m",
      "collection": {
        "abbr": "BNF",
        "name": "Bibliothe\u0300que nationale de France",
        "publisher": "Bibliothe\u0300que nationale de France",
        "icon": "https://www.bnf.fr/themes/custom/bnfsi/favicon.ico"
      }
    },
    {
      "@id": "https://de.wikipedia.org/wiki/Jakob_Martini",
      "collection": {
        "abbr": "dewiki",
        "name": "Wikipedia (Deutsch)",
        "publisher": "Wikimedia Foundation Inc.",
        "icon": "https://de.wikipedia.org/static/favicon/wikipedia.ico"
      }
    },
    {
      "@id": "https://en.wikipedia.org/wiki/Jakob_Martini",
      "collection": {
        "abbr": "enwiki",
        "name": "Wikipedia (English)",
        "publisher": "Wikimedia Foundation Inc.",
        "icon": "https://en.wikipedia.org/static/favicon/wikipedia.ico"
      }
    },
    {
      "@id": "https://kalliope-verbund.info/gnd/100205828",
      "collection": {
        "abbr": "DE-611",
        "name": "Kalliope Verbundkatalog",
        "publisher": "Staatsbibliothek zu Berlin - Preu\u00dfischer Kulturbesitz",
        "icon": "https://kalliope-verbund.info/img/favicon.ico"
      }
    },
    {
      "@id": "https://raa.gf-franken.de/de/suche-nach-stammbucheintraegen.html?permaLink=1604_olai;50",
      "collection": {
        "abbr": "RAAE",
        "name": "Repertorium Alborum Amicorum (RAA) - Stammbucheintr\u00e4ge",
        "publisher": "Department Germanistik und Komparatistik der Friedrich-Alexander-Universit\u00e4t Erlangen-N\u00fcrnberg in Zusammenarbeit mit der Gesellschaft f\u00fcr Familienforschung in Franken",
        "icon": "https://www.gf-franken.de/favicon.ico"
      }
    },
    {
      "@id": "https://raa.gf-franken.de/de/suche-nach-stammbucheintraegen.html?permaLink=1646_schoenwald;35",
      "collection": {
        "abbr": "RAAE",
        "name": "Repertorium Alborum Amicorum (RAA) - Stammbucheintr\u00e4ge",
        "publisher": "Department Germanistik und Komparatistik der Friedrich-Alexander-Universit\u00e4t Erlangen-N\u00fcrnberg in Zusammenarbeit mit der Gesellschaft f\u00fcr Familienforschung in Franken",
        "icon": "https://www.gf-franken.de/favicon.ico"
      }
    },
    {
      "@id": "https://raa.gf-franken.de/de/suche-nach-stammbucheintraegen.html?permaLink=1648_herstelle;6",
      "collection": {
        "abbr": "RAAE",
        "name": "Repertorium Alborum Amicorum (RAA) - Stammbucheintr\u00e4ge",
        "publisher": "Department Germanistik und Komparatistik der Friedrich-Alexander-Universit\u00e4t Erlangen-N\u00fcrnberg in Zusammenarbeit mit der Gesellschaft f\u00fcr Familienforschung in Franken",
        "icon": "https://www.gf-franken.de/favicon.ico"
      }
    },
    {
      "@id": "https://www.deutsche-biographie.de/pnd100205828.html#adbcontent",
      "collection": {
        "abbr": "ADB",
        "name": "Allgemeine Deutsche Biographie (ADB)",
        "publisher": "Historische Kommission bei der Bayerischen Akademie der Wissenschaften und Bayerische Staatsbibliothek",
        "icon": "https://www.deutsche-biographie.de/favicon.ico"
      }
    },
    {
      "@id": "https://www.deutsche-digitale-bibliothek.de/person/gnd/100205828",
      "collection": {
        "abbr": "DDB",
        "name": "Deutsche Digitale Bibliothek",
        "publisher": "Deutsche Digitale Bibliothek",
        "icon": "https://www.deutsche-digitale-bibliothek.de/favicon.ico"
      }
    },
    {
      "@id": "https://www.portraitindex.de/dokumente/pnd/100205828",
      "collection": {
        "abbr": "Portraitindex",
        "name": "Digitaler Portraitindex der druckgraphischen Bildnisse der Fru\u0308hen Neuzeit",
        "publisher": "Deutsches Dokumentationszentrum fu\u0308r Kunstgeschichte - Bildarchiv Foto Marburg",
        "icon": "https://www.portraitindex.de/favicon.ico"
      }
    },
    {
      "@id": "http://id.loc.gov/rwo/agents/nr2002006939",
      "collection": {
        "abbr": "LC",
        "name": "NACO Authority File",
        "publisher": "Library of Congress",
        "icon": "https://www.loc.gov/favicon.ico"
      }
    },
    {
      "@id": "http://viaf.org/viaf/300436994",
      "collection": {
        "abbr": "VIAF",
        "name": "Virtual International Authority File (VIAF)",
        "publisher": "OCLC",
        "icon": "https://viaf.org/viaf/images/viaf.ico"
      }
    },
    {
      "@id": "http://www.wikidata.org/entity/Q1679216",
      "collection": {
        "abbr": "WIKIDATA",
        "name": "Wikidata",
        "publisher": "Wikimedia Foundation Inc.",
        "icon": "https://www.wikidata.org/static/favicon/wikidata.ico"
      }
    },
    {
      "@id": "https://isni.org/isni/0000000061387852",
      "collection": {
        "abbr": "ISNI",
        "name": "International Standard Name Identifier (ISNI)",
        "publisher": "International Standard Name Identifier (ISNI)",
        "icon": "https://www.isni.org/sites/default/files/isni_new_favicon.ico"
      }
    }
  ]
}