{
  "@context": "http://hub.culturegraph.org/entityfacts/context/v1/entityfacts.jsonld",
  "@id": "https://d-nb.info/gnd/100182747",
  "describedBy": {
    "valid": "2026-04-26T15:56:50Z",
    "license": "https://creativecommons.org/publicdomain/zero/1.0/",
    "@id": "https://hub.culturegraph.org/entityfacts/100182747"
  },
  "preferredName": "Ludwig Lavater",
  "surname": "Lavater",
  "forename": "Ludwig",
  "@type": "person",
  "variantName": [
    "L.L.",
    "Ludwig Lavaterus",
    "Ludovicus Lavater",
    "Ludwig Lavater, Antistes, Schriftsteller",
    "Ludovicus Lavatherus",
    "Ludwig Lafater",
    "Ludovicus Lavaterus",
    "Ludwig Lavather",
    "Loys Lavater"
  ],
  "dateOfBirth": "March 4, 1527",
  "dateOfDeath": "July 15, 1586",
  "placeOfBirth": [
    {
      "@id": "https://d-nb.info/gnd/4110430-4",
      "preferredName": "Kyburg"
    }
  ],
  "placeOfDeath": [
    {
      "@id": "https://d-nb.info/gnd/4068038-1",
      "preferredName": "Zu\u0308rich"
    }
  ],
  "placeOfActivity": [
    {
      "@id": "https://d-nb.info/gnd/4068038-1",
      "preferredName": "Zu\u0308rich"
    }
  ],
  "associatedCountry": [
    {
      "@id": "https://d-nb.info/standards/vocab/gnd/geographic-area-code#XA-CH",
      "preferredName": "Schweiz"
    }
  ],
  "professionOrOccupation": [
    {
      "@id": "https://d-nb.info/gnd/4015882-2",
      "preferredName": "Evangelischer Theologe"
    },
    {
      "@id": "https://d-nb.info/gnd/4132592-8",
      "preferredName": "Pfarrer"
    },
    {
      "@id": "https://d-nb.info/gnd/4053309-8",
      "preferredName": "Schriftsteller"
    }
  ],
  "gender": {
    "@id": "https://d-nb.info/standards/vocab/gnd/gender#male",
    "label": "Mann"
  },
  "biographicalOrHistoricalInformation": "Schweizer reformierter Theologe; Student in Zu\u0308rich, Stra\u00dfburg, Paris und Lausanne; 1549 Vikar in Horgen; 1550 Archidiakon am Mu\u0308nster in Zu\u0308rich; 1585 Antistes (Vorsteher) der Zu\u0308richer Kirche",
  "relatedPerson": [
    {
      "relationship": "VD-16 Mitverf.",
      "preferredName": "Johannes Brenz, der A\u0308ltere"
    },
    {
      "relationship": "VD-16 Mitverf.",
      "preferredName": "Heinrich Bullinger, der A\u0308ltere"
    },
    {
      "relationship": "VD-16 Mitverf.",
      "preferredName": "Martin Chemnitz, der A\u0308ltere"
    },
    {
      "@id": "https://d-nb.info/gnd/119689561",
      "relationship": "VD-16 Mitverf.",
      "preferredName": "Jakob Gottfried"
    },
    {
      "@id": "https://d-nb.info/gnd/116187263",
      "relationship": "VD-16 Mitverf.",
      "preferredName": "Timotheus Kirchner"
    },
    {
      "relationship": "VD-16 Mitverf.",
      "preferredName": "Konrad Pellikan"
    },
    {
      "@id": "https://d-nb.info/gnd/119792389",
      "relationship": "VD-16 Mitverf.",
      "preferredName": "Johannes Pontisella"
    },
    {
      "relationship": "VD-16 Mitverf.",
      "preferredName": "Nikolaus Selneccer"
    },
    {
      "@id": "https://d-nb.info/gnd/119836211",
      "relationship": "VD-16 Mitverf.",
      "preferredName": "Hartmann Spru\u0308ngli"
    },
    {
      "@id": "https://d-nb.info/gnd/118768123",
      "relationship": "VD-16 Mitverf.",
      "preferredName": "Pietro Martire Vermigli"
    }
  ],
  "familialRelationship": [
    {
      "@id": "https://d-nb.info/gnd/129995126",
      "relationship": "Vater",
      "preferredName": "Hans Rudolf Lavater"
    },
    {
      "@id": "https://d-nb.info/gnd/118517384",
      "relationship": "Schwiegervater",
      "preferredName": "Heinrich Bullinger"
    }
  ],
  "depiction": {
    "@id": "https://commons.wikimedia.org/wiki/Special:FilePath/Ludwig%20Lavater%20%2812158212%29.jpg",
    "publisher": "Wikimedia Commons",
    "copyrighted": "false",
    "creator": [
      "Johann Adam Lonicerus"
    ],
    "creditText": [
      "National Library of Poland"
    ],
    "license": [
      {
        "@id": "https://creativecommons.org/publicdomain/mark/1.0/",
        "abbr": "PD",
        "name": "Public Domain",
        "attributionRequired": "false",
        "restrictions": ""
      }
    ],
    "url": "https://commons.wikimedia.org/wiki/File:Ludwig%20Lavater%20%2812158212%29.jpg?uselang=en",
    "thumbnail": {
      "@id": "https://commons.wikimedia.org/wiki/Special:FilePath/Ludwig%20Lavater%20%2812158212%29.jpg?width=270"
    }
  },
  "sameAs": [
    {
      "@id": "https://d-nb.info/gnd/100182747/about",
      "collection": {
        "abbr": "DNB",
        "name": "Gemeinsame Normdatei (GND) im Katalog der Deutschen Nationalbibliothek",
        "publisher": "Deutsche Nationalbibliothek",
        "icon": "https://www.dnb.de/SiteGlobals/Frontend/DNBWeb/Images/favicon.png?__blob=normal&v=4"
      }
    },
    {
      "@id": "http://www.hls-dhs-dss.ch/textes/d/D10728.php",
      "collection": {
        "abbr": "CH_HLS",
        "name": "Historisches Lexikon der Schweiz (HLS)",
        "publisher": "Historisches Lexikon der Schweiz (HLS)",
        "icon": "https://www.hls-dhs-dss.ch/favicon.ico"
      }
    },
    {
      "@id": "https://de.wikipedia.org/wiki/Ludwig_Lavater",
      "collection": {
        "abbr": "dewiki",
        "name": "Wikipedia (Deutsch)",
        "publisher": "Wikimedia Foundation Inc.",
        "icon": "https://de.wikipedia.org/static/favicon/wikipedia.ico"
      }
    },
    {
      "@id": "https://en.wikipedia.org/wiki/Ludwig_Lavater",
      "collection": {
        "abbr": "enwiki",
        "name": "Wikipedia (English)",
        "publisher": "Wikimedia Foundation Inc.",
        "icon": "https://en.wikipedia.org/static/favicon/wikipedia.ico"
      }
    },
    {
      "@id": "https://kalliope-verbund.info/gnd/100182747",
      "collection": {
        "abbr": "DE-611",
        "name": "Kalliope Verbundkatalog",
        "publisher": "Staatsbibliothek zu Berlin - Preu\u00dfischer Kulturbesitz",
        "icon": "https://kalliope-verbund.info/img/favicon.ico"
      }
    },
    {
      "@id": "https://raa.gf-franken.de/de/suche-nach-stammbucheintraegen.html?permaLink=1583_gerardszoon;29",
      "collection": {
        "abbr": "RAAE",
        "name": "Repertorium Alborum Amicorum (RAA) - Stammbucheintr\u00e4ge",
        "publisher": "Department Germanistik und Komparatistik der Friedrich-Alexander-Universit\u00e4t Erlangen-N\u00fcrnberg in Zusammenarbeit mit der Gesellschaft f\u00fcr Familienforschung in Franken",
        "icon": "https://www.gf-franken.de/favicon.ico"
      }
    },
    {
      "@id": "https://www.archivportal-d.de/person/gnd/100182747",
      "collection": {
        "abbr": "ARCHIV-D",
        "name": "Archivportal-D",
        "publisher": "Deutsche Digitale Bibliothek",
        "icon": "https://www.archivportal-d.de/favicon.ico"
      }
    },
    {
      "@id": "https://www.deutsche-biographie.de/pnd100182747.html#adbcontent",
      "collection": {
        "abbr": "ADB",
        "name": "Allgemeine Deutsche Biographie (ADB)",
        "publisher": "Historische Kommission bei der Bayerischen Akademie der Wissenschaften und Bayerische Staatsbibliothek",
        "icon": "https://www.deutsche-biographie.de/favicon.ico"
      }
    },
    {
      "@id": "https://www.deutsche-digitale-bibliothek.de/person/gnd/100182747",
      "collection": {
        "abbr": "DDB",
        "name": "Deutsche Digitale Bibliothek",
        "publisher": "Deutsche Digitale Bibliothek",
        "icon": "https://www.deutsche-digitale-bibliothek.de/favicon.ico"
      }
    },
    {
      "@id": "https://www.portraitindex.de/dokumente/pnd/100182747",
      "collection": {
        "abbr": "Portraitindex",
        "name": "Digitaler Portraitindex der druckgraphischen Bildnisse der Fru\u0308hen Neuzeit",
        "publisher": "Deutsches Dokumentationszentrum fu\u0308r Kunstgeschichte - Bildarchiv Foto Marburg",
        "icon": "https://www.portraitindex.de/favicon.ico"
      }
    },
    {
      "@id": "http://id.loc.gov/rwo/agents/nr93006816",
      "collection": {
        "abbr": "LC",
        "name": "NACO Authority File",
        "publisher": "Library of Congress",
        "icon": "https://www.loc.gov/favicon.ico"
      }
    },
    {
      "@id": "http://viaf.org/viaf/34510758",
      "collection": {
        "abbr": "VIAF",
        "name": "Virtual International Authority File (VIAF)",
        "publisher": "OCLC",
        "icon": "https://viaf.org/viaf/images/viaf.ico"
      }
    },
    {
      "@id": "http://www.wikidata.org/entity/Q120784",
      "collection": {
        "abbr": "WIKIDATA",
        "name": "Wikidata",
        "publisher": "Wikimedia Foundation Inc.",
        "icon": "https://www.wikidata.org/static/favicon/wikidata.ico"
      }
    },
    {
      "@id": "https://isni.org/isni/0000000079732335",
      "collection": {
        "abbr": "ISNI",
        "name": "International Standard Name Identifier (ISNI)",
        "publisher": "International Standard Name Identifier (ISNI)",
        "icon": "https://www.isni.org/sites/default/files/isni_new_favicon.ico"
      }
    }
  ]
}