{
  "@context": "http://hub.culturegraph.org/entityfacts/context/v1/entityfacts.jsonld",
  "@id": "https://d-nb.info/gnd/100126626",
  "describedBy": {
    "valid": "2026-04-26T19:39:10Z",
    "license": "https://creativecommons.org/publicdomain/zero/1.0/",
    "@id": "https://hub.culturegraph.org/entityfacts/100126626"
  },
  "preferredName": "Johann Wolfgang Freymon von Randeck",
  "surname": "Freymon von Randeck",
  "forename": "Johann Wolfgang",
  "periodOfActivity": "1563\u20131595",
  "@type": "person",
  "variantName": [
    "Johann Wolfgang Freimann",
    "Johann Wolfgang Freimon",
    "Johann Wolfgang Freymann von Randeck",
    "Johann Wolfgang Freymon von Hohenrandeck",
    "Johann Wolfgang Freymann von Hohenrandeck",
    "Johannes Wolfgang Freymon von Randeck",
    "Johann Wolf Freymon von Randeck",
    "Johann Wolfgang Freymon von Randeck",
    "Johannes Wolfgang Freymon von Randeck",
    "Johann Wolf Freymon von Randeck",
    "Johann Wolfgang Freymonius",
    "Johannes Wolfgang Freymonius",
    "Joannes Wolfgang Freymonius",
    "Johannes Wolfgangus Freymonius",
    "Joan. Wolfgang Freymon",
    "Johannes Wolfgang Freymon",
    "Johannes Wolfgangus Freymonius in Obernhausen",
    "Johann Wolfgang Freymonius in Obernhausen",
    "Johann Wolfgang Freymon von Obernhausen",
    "Johann-Wolff Freymann",
    "Johann Wolff Freymann",
    "Johann Wolfgang Freymann",
    "Johann Wolfgang Freymon von Obernhausen",
    "Joannes Wolfgangus Freymonius in Obernhausen",
    "Johann W. Freymon von Randeck",
    "Ioannes W. Freymonius",
    "Wolfgang Freymon",
    "Johann W. Obernhausen",
    "Joannes Wolfgangus Freimondius ab Oberhausen",
    "Joannes Wolfgangus Freymonius",
    "Johannes Wolfgangus Freimonius",
    "Johannes Wolfgangus Freymannus"
  ],
  "dateOfBirth": "March 13, 1546",
  "dateOfDeath": "November 10, 1610",
  "placeOfBirth": [
    {
      "@id": "https://d-nb.info/gnd/4026991-7",
      "preferredName": "Ingolstadt"
    }
  ],
  "placeOfDeath": [
    {
      "preferredName": "Schloss Randeck bei Kelheim"
    }
  ],
  "associatedCountry": [
    {
      "@id": "https://d-nb.info/standards/vocab/gnd/geographic-area-code#XA-DE",
      "preferredName": "Deutschland"
    }
  ],
  "professionOrOccupation": [
    {
      "@id": "https://d-nb.info/gnd/4029050-5",
      "preferredName": "Jurist"
    },
    {
      "@id": "https://d-nb.info/gnd/4046517-2",
      "preferredName": "Politiker"
    }
  ],
  "gender": {
    "@id": "https://d-nb.info/standards/vocab/gnd/gender#male",
    "label": "Mann"
  },
  "biographicalOrHistoricalInformation": "Jurist; 1558 in Ingolstadt immatrikuliert, 1571 Dr. jur., dann am Reichskammergericht in Speyer, 1574 Regierungsrat in Burghausen, 1576-81 o\u0308sterreichischer Beisitzer am Reichskammergericht, danach Kaiserl. Rat, 1594-97 Reichsvizekanzler",
  "relatedPerson": [
    {
      "@id": "https://d-nb.info/gnd/100075142",
      "relationship": "VD-16 Mitverf.",
      "preferredName": "Jodocus Castner"
    },
    {
      "relationship": "VD-16 Mitverf.",
      "preferredName": "Andreas Gail, der A\u0308ltere"
    },
    {
      "@id": "https://d-nb.info/gnd/10094423X",
      "relationship": "VD-16 Mitverf.",
      "preferredName": "Guido, Papa"
    },
    {
      "relationship": "VD-16 Mitverf.",
      "preferredName": "Andre\u0301 Tiraqueau, der A\u0308ltere"
    },
    {
      "relationship": "VD-16 Mitverf.",
      "preferredName": "Andreas Gail, der Ju\u0308ngere"
    },
    {
      "@id": "https://d-nb.info/gnd/119783479",
      "relationship": "VD-16 Mitverf.",
      "preferredName": "Robertus de Pelleve"
    },
    {
      "@id": "https://d-nb.info/gnd/119685817",
      "relationship": "VD-16 Mitverf.",
      "preferredName": "Johannes Gierlich"
    },
    {
      "@id": "https://d-nb.info/gnd/119783460",
      "relationship": "VD-16 Mitverf.",
      "preferredName": "Robert de Pelleve"
    },
    {
      "relationship": "VD-16 Mitverf.",
      "preferredName": "Pascasius Briesmann"
    },
    {
      "@id": "https://d-nb.info/gnd/119858622",
      "relationship": "VD-16 Mitverf.",
      "preferredName": "Johannes Nicolaus Victorius"
    }
  ],
  "familialRelationship": [
    {
      "@id": "https://d-nb.info/gnd/12467612X",
      "relationship": "Vater",
      "preferredName": "Rochus Freimann"
    },
    {
      "@id": "https://d-nb.info/gnd/121440796",
      "relationship": "Sohn",
      "preferredName": "Wolfgang Jacob Freymon von Randeck"
    },
    {
      "@id": "https://d-nb.info/gnd/142320145",
      "relationship": "Tochter",
      "preferredName": "Anna Maria Schwartzmaier"
    }
  ],
  "sameAs": [
    {
      "@id": "https://d-nb.info/gnd/100126626/about",
      "collection": {
        "abbr": "DNB",
        "name": "Gemeinsame Normdatei (GND) im Katalog der Deutschen Nationalbibliothek",
        "publisher": "Deutsche Nationalbibliothek",
        "icon": "https://www.dnb.de/SiteGlobals/Frontend/DNBWeb/Images/favicon.png?__blob=normal&v=4"
      }
    },
    {
      "@id": "https://de.wikipedia.org/wiki/Johann_Wolfgang_Freymann",
      "collection": {
        "abbr": "dewiki",
        "name": "Wikipedia (Deutsch)",
        "publisher": "Wikimedia Foundation Inc.",
        "icon": "https://de.wikipedia.org/static/favicon/wikipedia.ico"
      }
    },
    {
      "@id": "https://kaiserhof.geschichte.lmu.de/Q/GND=100126626",
      "collection": {
        "abbr": "KH",
        "name": "Kaiser und H\u00f6fe",
        "publisher": "Ludwig-Maximilians-Universit\u00e4t M\u00fcnchen - Historisches Seminar - Fr\u00fche Neuzeit",
        "icon": "https://kaiserhof.geschichte.lmu.de/favicon.ico"
      }
    },
    {
      "@id": "https://kalliope-verbund.info/gnd/100126626",
      "collection": {
        "abbr": "DE-611",
        "name": "Kalliope Verbundkatalog",
        "publisher": "Staatsbibliothek zu Berlin - Preu\u00dfischer Kulturbesitz",
        "icon": "https://kalliope-verbund.info/img/favicon.ico"
      }
    },
    {
      "@id": "https://www.archivportal-d.de/person/gnd/100126626",
      "collection": {
        "abbr": "ARCHIV-D",
        "name": "Archivportal-D",
        "publisher": "Deutsche Digitale Bibliothek",
        "icon": "https://www.archivportal-d.de/favicon.ico"
      }
    },
    {
      "@id": "https://www.deutsche-biographie.de/pnd100126626.html#adbcontent",
      "collection": {
        "abbr": "ADB",
        "name": "Allgemeine Deutsche Biographie (ADB)",
        "publisher": "Historische Kommission bei der Bayerischen Akademie der Wissenschaften und Bayerische Staatsbibliothek",
        "icon": "https://www.deutsche-biographie.de/favicon.ico"
      }
    },
    {
      "@id": "https://www.deutsche-biographie.de/pnd100126626.html#ndbcontent",
      "collection": {
        "abbr": "NDB",
        "name": "Neue Deutsche Biographie (NDB)",
        "publisher": "Historische Kommission bei der Bayerischen Akademie der Wissenschaften und Bayerische Staatsbibliothek",
        "icon": "https://www.deutsche-biographie.de/favicon.ico"
      }
    },
    {
      "@id": "https://www.deutsche-digitale-bibliothek.de/person/gnd/100126626",
      "collection": {
        "abbr": "DDB",
        "name": "Deutsche Digitale Bibliothek",
        "publisher": "Deutsche Digitale Bibliothek",
        "icon": "https://www.deutsche-digitale-bibliothek.de/favicon.ico"
      }
    },
    {
      "@id": "https://www.portraitindex.de/dokumente/pnd/100126626",
      "collection": {
        "abbr": "Portraitindex",
        "name": "Digitaler Portraitindex der druckgraphischen Bildnisse der Fru\u0308hen Neuzeit",
        "publisher": "Deutsches Dokumentationszentrum fu\u0308r Kunstgeschichte - Bildarchiv Foto Marburg",
        "icon": "https://www.portraitindex.de/favicon.ico"
      }
    },
    {
      "@id": "http://id.loc.gov/rwo/agents/nr97040396",
      "collection": {
        "abbr": "LC",
        "name": "NACO Authority File",
        "publisher": "Library of Congress",
        "icon": "https://www.loc.gov/favicon.ico"
      }
    },
    {
      "@id": "http://viaf.org/viaf/69270407",
      "collection": {
        "abbr": "VIAF",
        "name": "Virtual International Authority File (VIAF)",
        "publisher": "OCLC",
        "icon": "https://viaf.org/viaf/images/viaf.ico"
      }
    },
    {
      "@id": "http://www.wikidata.org/entity/Q1696684",
      "collection": {
        "abbr": "WIKIDATA",
        "name": "Wikidata",
        "publisher": "Wikimedia Foundation Inc.",
        "icon": "https://www.wikidata.org/static/favicon/wikidata.ico"
      }
    },
    {
      "@id": "https://isni.org/isni/0000000116661012",
      "collection": {
        "abbr": "ISNI",
        "name": "International Standard Name Identifier (ISNI)",
        "publisher": "International Standard Name Identifier (ISNI)",
        "icon": "https://www.isni.org/sites/default/files/isni_new_favicon.ico"
      }
    }
  ]
}