{
  "@context": "http://hub.culturegraph.org/entityfacts/context/v1/entityfacts.jsonld",
  "@id": "https://d-nb.info/gnd/100093876",
  "describedBy": {
    "valid": "2026-04-26T12:05:14Z",
    "license": "https://creativecommons.org/publicdomain/zero/1.0/",
    "@id": "https://hub.culturegraph.org/entityfacts/100093876"
  },
  "preferredName": "Jacques Cujas",
  "surname": "Cujas",
  "forename": "Jacques",
  "@type": "person",
  "academicDegree": [
    "Prof."
  ],
  "variantName": [
    "Job Cuiacius",
    "Iacobus Cuiacius",
    "Iacobus Cuiacus",
    "Jacobus Cujas",
    "Jacobus Cujacus",
    "Jacob. Cuiacius",
    "Cujatius",
    "Jacobi Cujacii",
    "Jacques Cuias",
    "Jacques de Cujas",
    "Jacobus Cujacius",
    "Jacobus Cuiacius"
  ],
  "pseudonym": [
    {
      "preferredName": "Antonius Mercator"
    },
    {
      "preferredName": "Antonin Mercator"
    }
  ],
  "dateOfBirth": "1522",
  "dateOfDeath": "1590",
  "placeOfBirth": [
    {
      "@id": "https://d-nb.info/gnd/4060518-8",
      "preferredName": "Toulouse"
    }
  ],
  "placeOfDeath": [
    {
      "@id": "https://d-nb.info/gnd/4088156-8",
      "preferredName": "Bourges"
    }
  ],
  "placeOfActivity": [
    {
      "@id": "https://d-nb.info/gnd/4062284-8",
      "preferredName": "Valencia"
    },
    {
      "@id": "https://d-nb.info/gnd/4061245-4",
      "preferredName": "Turin"
    }
  ],
  "associatedCountry": [
    {
      "@id": "https://d-nb.info/standards/vocab/gnd/geographic-area-code#XA-FR",
      "preferredName": "Frankreich"
    },
    {
      "@id": "https://d-nb.info/standards/vocab/gnd/geographic-area-code#XA-ES",
      "preferredName": "Spanien"
    },
    {
      "@id": "https://d-nb.info/standards/vocab/gnd/geographic-area-code#XA-IT",
      "preferredName": "Italien"
    }
  ],
  "professionOrOccupation": [
    {
      "@id": "https://d-nb.info/gnd/4029050-5",
      "preferredName": "Jurist"
    }
  ],
  "gender": {
    "@id": "https://d-nb.info/standards/vocab/gnd/gender#male",
    "label": "Mann"
  },
  "biographicalOrHistoricalInformation": "franz. Jurist; Prof. in Bourges, Valencia u. Turin",
  "relatedPerson": [
    {
      "@id": "https://d-nb.info/gnd/12852099X",
      "relationship": "VD-16 Mitverf.",
      "preferredName": "Christoph Sturtz"
    },
    {
      "@id": "https://d-nb.info/gnd/117608750",
      "relationship": "VD-16 Mitverf.",
      "preferredName": "Heinrich Bocer"
    },
    {
      "@id": "https://d-nb.info/gnd/129073970",
      "relationship": "VD-16 Mitverf.",
      "preferredName": "Pieter Cornelis van Brederode"
    },
    {
      "@id": "https://d-nb.info/gnd/119643936",
      "relationship": "VD-16 Mitverf.",
      "preferredName": "Christoph von Altdorf Coler"
    },
    {
      "@id": "https://d-nb.info/gnd/118514474",
      "relationship": "VD-16 Mitverf.",
      "preferredName": "Sebastian Brant"
    },
    {
      "@id": "https://d-nb.info/gnd/100383300",
      "relationship": "VD-16 Mitverf.",
      "preferredName": "Giulio Pace"
    },
    {
      "@id": "https://d-nb.info/gnd/124591442",
      "relationship": "VD-16 Mitverf.",
      "preferredName": "Jean Robert"
    },
    {
      "@id": "https://d-nb.info/gnd/11757287X",
      "relationship": "VD-16 Mitverf.",
      "preferredName": "Matthaeus Wesenbeck"
    },
    {
      "relationship": "VD-16 Mitverf.",
      "preferredName": "Jean Crespin"
    },
    {
      "@id": "https://d-nb.info/gnd/100155197",
      "relationship": "VD-16 Mitverf.",
      "preferredName": "Anto\u0301nio de Gouveia"
    }
  ],
  "depiction": {
    "@id": "https://commons.wikimedia.org/wiki/Special:FilePath/Anonyme%20-%20Jacques%20Cujas%20-%20cour%20d%E2%80%99appel%20de%20Toulouse.jpg",
    "publisher": "Wikimedia Commons",
    "copyrighted": "false",
    "creator": [
      "Didier Descouens"
    ],
    "creditText": [
      "Own work"
    ],
    "license": [
      {
        "@id": "https://creativecommons.org/publicdomain/mark/1.0/",
        "abbr": "PD",
        "name": "Public Domain",
        "attributionRequired": "false",
        "restrictions": ""
      }
    ],
    "url": "https://commons.wikimedia.org/wiki/File:Anonyme%20-%20Jacques%20Cujas%20-%20cour%20d%E2%80%99appel%20de%20Toulouse.jpg?uselang=en",
    "thumbnail": {
      "@id": "https://commons.wikimedia.org/wiki/Special:FilePath/Anonyme%20-%20Jacques%20Cujas%20-%20cour%20d%E2%80%99appel%20de%20Toulouse.jpg?width=270"
    }
  },
  "sameAs": [
    {
      "@id": "https://d-nb.info/gnd/100093876/about",
      "collection": {
        "abbr": "DNB",
        "name": "Gemeinsame Normdatei (GND) im Katalog der Deutschen Nationalbibliothek",
        "publisher": "Deutsche Nationalbibliothek",
        "icon": "https://www.dnb.de/SiteGlobals/Frontend/DNBWeb/Images/favicon.png?__blob=normal&v=4"
      }
    },
    {
      "@id": "http://catalogue.bnf.fr/ark:/12148/cb13008755q",
      "collection": {
        "abbr": "BNF",
        "name": "Bibliothe\u0300que nationale de France",
        "publisher": "Bibliothe\u0300que nationale de France",
        "icon": "https://www.bnf.fr/themes/custom/bnfsi/favicon.ico"
      }
    },
    {
      "@id": "https://de.wikipedia.org/wiki/Jacques_Cujas",
      "collection": {
        "abbr": "dewiki",
        "name": "Wikipedia (Deutsch)",
        "publisher": "Wikimedia Foundation Inc.",
        "icon": "https://de.wikipedia.org/static/favicon/wikipedia.ico"
      }
    },
    {
      "@id": "https://en.wikipedia.org/wiki/Jacques_Cujas",
      "collection": {
        "abbr": "enwiki",
        "name": "Wikipedia (English)",
        "publisher": "Wikimedia Foundation Inc.",
        "icon": "https://en.wikipedia.org/static/favicon/wikipedia.ico"
      }
    },
    {
      "@id": "https://kalliope-verbund.info/gnd/100093876",
      "collection": {
        "abbr": "DE-611",
        "name": "Kalliope Verbundkatalog",
        "publisher": "Staatsbibliothek zu Berlin - Preu\u00dfischer Kulturbesitz",
        "icon": "https://kalliope-verbund.info/img/favicon.ico"
      }
    },
    {
      "@id": "https://raa.gf-franken.de/de/suche-nach-stammbucheintraegen.html?permaLink=1556_rhemen;2",
      "collection": {
        "abbr": "RAAE",
        "name": "Repertorium Alborum Amicorum (RAA) - Stammbucheintr\u00e4ge",
        "publisher": "Department Germanistik und Komparatistik der Friedrich-Alexander-Universit\u00e4t Erlangen-N\u00fcrnberg in Zusammenarbeit mit der Gesellschaft f\u00fcr Familienforschung in Franken",
        "icon": "https://www.gf-franken.de/favicon.ico"
      }
    },
    {
      "@id": "https://raa.gf-franken.de/de/suche-nach-stammbucheintraegen.html?permaLink=1578_amman;131",
      "collection": {
        "abbr": "RAAE",
        "name": "Repertorium Alborum Amicorum (RAA) - Stammbucheintr\u00e4ge",
        "publisher": "Department Germanistik und Komparatistik der Friedrich-Alexander-Universit\u00e4t Erlangen-N\u00fcrnberg in Zusammenarbeit mit der Gesellschaft f\u00fcr Familienforschung in Franken",
        "icon": "https://www.gf-franken.de/favicon.ico"
      }
    },
    {
      "@id": "https://www.deutsche-digitale-bibliothek.de/person/gnd/100093876",
      "collection": {
        "abbr": "DDB",
        "name": "Deutsche Digitale Bibliothek",
        "publisher": "Deutsche Digitale Bibliothek",
        "icon": "https://www.deutsche-digitale-bibliothek.de/favicon.ico"
      }
    },
    {
      "@id": "https://www.portraitindex.de/dokumente/pnd/100093876",
      "collection": {
        "abbr": "Portraitindex",
        "name": "Digitaler Portraitindex der druckgraphischen Bildnisse der Fru\u0308hen Neuzeit",
        "publisher": "Deutsches Dokumentationszentrum fu\u0308r Kunstgeschichte - Bildarchiv Foto Marburg",
        "icon": "https://www.portraitindex.de/favicon.ico"
      }
    },
    {
      "@id": "http://id.loc.gov/rwo/agents/n88070667",
      "collection": {
        "abbr": "LC",
        "name": "NACO Authority File",
        "publisher": "Library of Congress",
        "icon": "https://www.loc.gov/favicon.ico"
      }
    },
    {
      "@id": "http://viaf.org/viaf/46894531",
      "collection": {
        "abbr": "VIAF",
        "name": "Virtual International Authority File (VIAF)",
        "publisher": "OCLC",
        "icon": "https://viaf.org/viaf/images/viaf.ico"
      }
    },
    {
      "@id": "http://www.wikidata.org/entity/Q707285",
      "collection": {
        "abbr": "WIKIDATA",
        "name": "Wikidata",
        "publisher": "Wikimedia Foundation Inc.",
        "icon": "https://www.wikidata.org/static/favicon/wikidata.ico"
      }
    },
    {
      "@id": "https://isni.org/isni/0000000121312191",
      "collection": {
        "abbr": "ISNI",
        "name": "International Standard Name Identifier (ISNI)",
        "publisher": "International Standard Name Identifier (ISNI)",
        "icon": "https://www.isni.org/sites/default/files/isni_new_favicon.ico"
      }
    }
  ]
}