{
  "@context": "http://hub.culturegraph.org/entityfacts/context/v1/entityfacts.jsonld",
  "@id": "https://d-nb.info/gnd/10003148X",
  "describedBy": {
    "valid": "2026-04-29T00:19:27Z",
    "license": "https://creativecommons.org/publicdomain/zero/1.0/",
    "@id": "https://hub.culturegraph.org/entityfacts/10003148X"
  },
  "preferredName": "Ernst Friedrich, Baden-Durlach, Markgraf",
  "surname": "Ernst Friedrich, Baden-Durlach, Markgraf",
  "@type": "person",
  "titleOfNobility": [
    "Markgraf"
  ],
  "variantName": [
    "Ernst Friedrich, Baden, Markgraf",
    "Ernst Friedrich, Baden-Hachberg, Markgraf",
    "Ernst Friedrich, Baden-Hochberg, Markgraf",
    "Ernestus Fridericus, Markgraf von Baden",
    "Ernst Friedrich, Markgraf von Baden",
    "Ernst Friedrich, Markgraf von Baden-Durlach",
    "Ernst Friedrich, Markgraf von Baden-Hachberg",
    "Ernst Friedrich, Markgraf von Baden-Hochberg",
    "Ernst Friedrich, Markgraf zu Baden und Hochberg",
    "Ernst Friedrich von Baden-Durlach",
    "E. F. von Baden-Durlach",
    "Ernst Friedrich, Baden-Pforzheim, Markgraf"
  ],
  "dateOfBirth": "October 17, 1560",
  "dateOfDeath": "April 14, 1604",
  "placeOfBirth": [
    {
      "@id": "https://d-nb.info/gnd/4070638-2",
      "preferredName": "Durlach"
    }
  ],
  "placeOfDeath": [
    {
      "@id": "https://d-nb.info/gnd/4326683-6",
      "preferredName": "Remchingen"
    }
  ],
  "associatedCountry": [
    {
      "@id": "https://d-nb.info/standards/vocab/gnd/geographic-area-code#XA-DE",
      "preferredName": "Deutschland"
    }
  ],
  "gender": {
    "@id": "https://d-nb.info/standards/vocab/gnd/gender#male",
    "label": "Mann"
  },
  "biographicalOrHistoricalInformation": "1577 unter Vormundschaft; 1584-1604 regierender Markgraf von Baden-Durlach",
  "familialRelationship": [
    {
      "@id": "https://d-nb.info/gnd/130875554",
      "relationship": "Vater",
      "preferredName": "Karl II., Baden-Durlach, Markgraf"
    },
    {
      "@id": "https://d-nb.info/gnd/143906062",
      "relationship": "Mutter",
      "preferredName": "Anna, Baden-Durlach, Markgra\u0308fin"
    },
    {
      "@id": "https://d-nb.info/gnd/102479135",
      "relationship": "Bruder",
      "preferredName": "Jakob III., Baden-Hachberg, Markgraf"
    },
    {
      "@id": "https://d-nb.info/gnd/11871693X",
      "relationship": "Bruder",
      "preferredName": "Georg Friedrich, Baden-Durlach, Markgraf"
    },
    {
      "@id": "https://d-nb.info/gnd/137877986",
      "relationship": "Ehefrau",
      "preferredName": "Anna, von Ostfriesland"
    }
  ],
  "depiction": {
    "@id": "https://commons.wikimedia.org/wiki/Special:FilePath/Ernst%20Friedrich%20v%20Baden%20Durlach%20Kupferstich%20v%20Muenze%203.jpg",
    "publisher": "Wikimedia Commons",
    "copyrighted": "false",
    "creator": [
      "Kupferstich einer M\u00fcnze"
    ],
    "creditText": [
      "D. Schoepflin; Historia Zaringo Badensis, Bd. IV; Tab III., 1766"
    ],
    "license": [
      {
        "@id": "https://creativecommons.org/publicdomain/mark/1.0/",
        "abbr": "PD",
        "name": "Public Domain",
        "attributionRequired": "false",
        "restrictions": ""
      }
    ],
    "url": "https://commons.wikimedia.org/wiki/File:Ernst%20Friedrich%20v%20Baden%20Durlach%20Kupferstich%20v%20Muenze%203.jpg?uselang=en",
    "thumbnail": {
      "@id": "https://commons.wikimedia.org/wiki/Special:FilePath/Ernst%20Friedrich%20v%20Baden%20Durlach%20Kupferstich%20v%20Muenze%203.jpg?width=270"
    }
  },
  "sameAs": [
    {
      "@id": "https://d-nb.info/gnd/10003148X/about",
      "collection": {
        "abbr": "DNB",
        "name": "Gemeinsame Normdatei (GND) im Katalog der Deutschen Nationalbibliothek",
        "publisher": "Deutsche Nationalbibliothek",
        "icon": "https://www.dnb.de/SiteGlobals/Frontend/DNBWeb/Images/favicon.png?__blob=normal&v=4"
      }
    },
    {
      "@id": "http://catalogue.bnf.fr/ark:/12148/cb144716311",
      "collection": {
        "abbr": "BNF",
        "name": "Bibliothe\u0300que nationale de France",
        "publisher": "Bibliothe\u0300que nationale de France",
        "icon": "https://www.bnf.fr/themes/custom/bnfsi/favicon.ico"
      }
    },
    {
      "@id": "https://de.wikipedia.org/wiki/Ernst_Friedrich_%28Baden-Durlach%29",
      "collection": {
        "abbr": "dewiki",
        "name": "Wikipedia (Deutsch)",
        "publisher": "Wikimedia Foundation Inc.",
        "icon": "https://de.wikipedia.org/static/favicon/wikipedia.ico"
      }
    },
    {
      "@id": "https://de.wikisource.org/wiki/Ernst_Friedrich_von_Baden-Durlach",
      "collection": {
        "abbr": "WIKISOURCE",
        "name": "Wikisource",
        "publisher": "Wikimedia Foundation Inc.",
        "icon": "https://wikisource.org/static/favicon/wikisource.ico"
      }
    },
    {
      "@id": "https://en.wikipedia.org/wiki/Ernest_Frederick%2C_Margrave_of_Baden-Durlach",
      "collection": {
        "abbr": "enwiki",
        "name": "Wikipedia (English)",
        "publisher": "Wikimedia Foundation Inc.",
        "icon": "https://en.wikipedia.org/static/favicon/wikipedia.ico"
      }
    },
    {
      "@id": "https://kalliope-verbund.info/gnd/10003148X",
      "collection": {
        "abbr": "DE-611",
        "name": "Kalliope Verbundkatalog",
        "publisher": "Staatsbibliothek zu Berlin - Preu\u00dfischer Kulturbesitz",
        "icon": "https://kalliope-verbund.info/img/favicon.ico"
      }
    },
    {
      "@id": "https://raa.gf-franken.de/de/suche-nach-stammbuechern.html?permaLink=1580_badendurlach",
      "collection": {
        "abbr": "RAAS",
        "name": "Repertorium Alborum Amicorum (RAA) - Stammb\u00fccher",
        "publisher": "Department Germanistik und Komparatistik der Friedrich-Alexander-Universit\u00e4t Erlangen-N\u00fcrnberg in Zusammenarbeit mit der Gesellschaft f\u00fcr Familienforschung in Franken",
        "icon": "https://www.gf-franken.de/favicon.ico"
      }
    },
    {
      "@id": "https://www.archivportal-d.de/person/gnd/10003148X",
      "collection": {
        "abbr": "ARCHIV-D",
        "name": "Archivportal-D",
        "publisher": "Deutsche Digitale Bibliothek",
        "icon": "https://www.archivportal-d.de/favicon.ico"
      }
    },
    {
      "@id": "https://www.deutsche-biographie.de/pnd10003148X.html#adbcontent",
      "collection": {
        "abbr": "ADB",
        "name": "Allgemeine Deutsche Biographie (ADB)",
        "publisher": "Historische Kommission bei der Bayerischen Akademie der Wissenschaften und Bayerische Staatsbibliothek",
        "icon": "https://www.deutsche-biographie.de/favicon.ico"
      }
    },
    {
      "@id": "https://www.deutsche-biographie.de/pnd10003148X.html#ndbcontent",
      "collection": {
        "abbr": "NDB",
        "name": "Neue Deutsche Biographie (NDB)",
        "publisher": "Historische Kommission bei der Bayerischen Akademie der Wissenschaften und Bayerische Staatsbibliothek",
        "icon": "https://www.deutsche-biographie.de/favicon.ico"
      }
    },
    {
      "@id": "https://www.deutsche-digitale-bibliothek.de/person/gnd/10003148X",
      "collection": {
        "abbr": "DDB",
        "name": "Deutsche Digitale Bibliothek",
        "publisher": "Deutsche Digitale Bibliothek",
        "icon": "https://www.deutsche-digitale-bibliothek.de/favicon.ico"
      }
    },
    {
      "@id": "https://www.portraitindex.de/dokumente/pnd/10003148X",
      "collection": {
        "abbr": "Portraitindex",
        "name": "Digitaler Portraitindex der druckgraphischen Bildnisse der Fru\u0308hen Neuzeit",
        "publisher": "Deutsches Dokumentationszentrum fu\u0308r Kunstgeschichte - Bildarchiv Foto Marburg",
        "icon": "https://www.portraitindex.de/favicon.ico"
      }
    },
    {
      "@id": "http://id.loc.gov/rwo/agents/no2023088070",
      "collection": {
        "abbr": "LC",
        "name": "NACO Authority File",
        "publisher": "Library of Congress",
        "icon": "https://www.loc.gov/favicon.ico"
      }
    },
    {
      "@id": "http://viaf.org/viaf/76539501",
      "collection": {
        "abbr": "VIAF",
        "name": "Virtual International Authority File (VIAF)",
        "publisher": "OCLC",
        "icon": "https://viaf.org/viaf/images/viaf.ico"
      }
    },
    {
      "@id": "http://www.wikidata.org/entity/Q69785",
      "collection": {
        "abbr": "WIKIDATA",
        "name": "Wikidata",
        "publisher": "Wikimedia Foundation Inc.",
        "icon": "https://www.wikidata.org/static/favicon/wikidata.ico"
      }
    },
    {
      "@id": "https://isni.org/isni/0000000001474540",
      "collection": {
        "abbr": "ISNI",
        "name": "International Standard Name Identifier (ISNI)",
        "publisher": "International Standard Name Identifier (ISNI)",
        "icon": "https://www.isni.org/sites/default/files/isni_new_favicon.ico"
      }
    }
  ]
}