{
  "@context": "http://hub.culturegraph.org/entityfacts/context/v1/entityfacts.jsonld",
  "@id": "https://d-nb.info/gnd/100030378",
  "describedBy": {
    "valid": "2026-05-03T10:41:16Z",
    "license": "https://creativecommons.org/publicdomain/zero/1.0/",
    "@id": "https://hub.culturegraph.org/entityfacts/100030378"
  },
  "preferredName": "Friedemann Bechmann",
  "surname": "Bechmann",
  "forename": "Friedemann",
  "@type": "person",
  "academicDegree": [
    "Prof. Dr. theol."
  ],
  "variantName": [
    "Friedemannus Bechmannus",
    "Fridem. Bechmannus",
    "Fridem. Bechmann",
    "Fridemann Bechmann",
    "Friedemanus Bechmann",
    "Fridemannus Bechmann",
    "Fridemannus Bechman",
    "Friedem. Bechmann",
    "Fridemannus Bechmannus"
  ],
  "dateOfBirth": "July 26, 1628",
  "dateOfDeath": "March 9, 1703",
  "placeOfBirth": [
    {
      "@id": "https://d-nb.info/gnd/4736394-0",
      "preferredName": "Elleben"
    }
  ],
  "placeOfDeath": [
    {
      "@id": "https://d-nb.info/gnd/4028557-1",
      "preferredName": "Jena"
    }
  ],
  "placeOfActivity": [
    {
      "@id": "https://d-nb.info/gnd/4028557-1",
      "preferredName": "Jena"
    }
  ],
  "associatedCountry": [
    {
      "@id": "https://d-nb.info/standards/vocab/gnd/geographic-area-code#XA-DE",
      "preferredName": "Deutschland"
    }
  ],
  "professionOrOccupation": [
    {
      "@id": "https://d-nb.info/gnd/4015882-2",
      "preferredName": "Evangelischer Theologe"
    },
    {
      "@id": "https://d-nb.info/gnd/4045790-4",
      "preferredName": "Philosoph"
    },
    {
      "@id": "https://d-nb.info/gnd/4025243-7",
      "preferredName": "Hochschullehrer"
    }
  ],
  "gender": {
    "@id": "https://d-nb.info/standards/vocab/gnd/gender#male",
    "label": "Mann"
  },
  "biographicalOrHistoricalInformation": "Evangelisch-lutherischer Theologe; Student in Jena (1649 imm., 1651 Magister); wurde auf Schloss Friedenstein in Gotha vom Abessinier Abba Gorgoryos (um 1595-1658) in der a\u0308thiop. Sprache unterrichtet; an der Univ. Jena 1656 Prof. phil. und 1668 Prof. theol., schon 1665 und mehrfach zwischen 1671 und 1698 Rektor der Univ.; Senior der Univ.",
  "affiliation": [
    {
      "@id": "https://d-nb.info/gnd/2174952-8",
      "preferredName": "Universita\u0308t zu Jena"
    }
  ],
  "familialRelationship": [
    {
      "@id": "https://d-nb.info/gnd/129713481",
      "relationship": "Vater",
      "preferredName": "Andreas Bechmann"
    },
    {
      "@id": "https://d-nb.info/gnd/122001605",
      "relationship": "erste Ehefrau",
      "preferredName": "Margaretha Bechmann"
    },
    {
      "@id": "https://d-nb.info/gnd/12299308X",
      "relationship": "Sohn",
      "preferredName": "Andreas Bechmann"
    },
    {
      "@id": "https://d-nb.info/gnd/129392472",
      "relationship": "Sohn",
      "preferredName": "Johann Tobias Bechmann"
    },
    {
      "@id": "https://d-nb.info/gnd/1052486819",
      "relationship": "Sohn",
      "preferredName": "Heinrich Friedemann Bechmann"
    },
    {
      "@id": "https://d-nb.info/gnd/123529271",
      "relationship": "Tochter",
      "preferredName": "Christine Marie Seeken"
    }
  ],
  "depiction": {
    "@id": "https://commons.wikimedia.org/wiki/Special:FilePath/Friedemann-Bechmann.jpg",
    "publisher": "Wikimedia Commons",
    "copyrighted": "false",
    "creator": [
      "Johann Christoph B\u00f6cklin"
    ],
    "creditText": [
      "Virtuelles Kupferstichkabinett"
    ],
    "license": [
      {
        "@id": "https://creativecommons.org/publicdomain/mark/1.0/",
        "abbr": "PD",
        "name": "Public Domain",
        "attributionRequired": "false",
        "restrictions": ""
      }
    ],
    "url": "https://commons.wikimedia.org/wiki/File:Friedemann-Bechmann.jpg?uselang=en",
    "thumbnail": {
      "@id": "https://commons.wikimedia.org/wiki/Special:FilePath/Friedemann-Bechmann.jpg?width=270"
    }
  },
  "sameAs": [
    {
      "@id": "https://d-nb.info/gnd/100030378/about",
      "collection": {
        "abbr": "DNB",
        "name": "Gemeinsame Normdatei (GND) im Katalog der Deutschen Nationalbibliothek",
        "publisher": "Deutsche Nationalbibliothek",
        "icon": "https://www.dnb.de/SiteGlobals/Frontend/DNBWeb/Images/favicon.png?__blob=normal&v=4"
      }
    },
    {
      "@id": "https://de.wikipedia.org/wiki/Friedemann_Bechmann",
      "collection": {
        "abbr": "dewiki",
        "name": "Wikipedia (Deutsch)",
        "publisher": "Wikimedia Foundation Inc.",
        "icon": "https://de.wikipedia.org/static/favicon/wikipedia.ico"
      }
    },
    {
      "@id": "https://en.wikipedia.org/wiki/Friedemann_Bechmann",
      "collection": {
        "abbr": "enwiki",
        "name": "Wikipedia (English)",
        "publisher": "Wikimedia Foundation Inc.",
        "icon": "https://en.wikipedia.org/static/favicon/wikipedia.ico"
      }
    },
    {
      "@id": "https://kalliope-verbund.info/gnd/100030378",
      "collection": {
        "abbr": "DE-611",
        "name": "Kalliope Verbundkatalog",
        "publisher": "Staatsbibliothek zu Berlin - Preu\u00dfischer Kulturbesitz",
        "icon": "https://kalliope-verbund.info/img/favicon.ico"
      }
    },
    {
      "@id": "https://raa.gf-franken.de/de/suche-nach-stammbucheintraegen.html?permaLink=1580_nn_ott;93",
      "collection": {
        "abbr": "RAAE",
        "name": "Repertorium Alborum Amicorum (RAA) - Stammbucheintr\u00e4ge",
        "publisher": "Department Germanistik und Komparatistik der Friedrich-Alexander-Universit\u00e4t Erlangen-N\u00fcrnberg in Zusammenarbeit mit der Gesellschaft f\u00fcr Familienforschung in Franken",
        "icon": "https://www.gf-franken.de/favicon.ico"
      }
    },
    {
      "@id": "https://raa.gf-franken.de/de/suche-nach-stammbucheintraegen.html?permaLink=1652_benz;142",
      "collection": {
        "abbr": "RAAE",
        "name": "Repertorium Alborum Amicorum (RAA) - Stammbucheintr\u00e4ge",
        "publisher": "Department Germanistik und Komparatistik der Friedrich-Alexander-Universit\u00e4t Erlangen-N\u00fcrnberg in Zusammenarbeit mit der Gesellschaft f\u00fcr Familienforschung in Franken",
        "icon": "https://www.gf-franken.de/favicon.ico"
      }
    },
    {
      "@id": "https://raa.gf-franken.de/de/suche-nach-stammbucheintraegen.html?permaLink=1685_diez;48",
      "collection": {
        "abbr": "RAAE",
        "name": "Repertorium Alborum Amicorum (RAA) - Stammbucheintr\u00e4ge",
        "publisher": "Department Germanistik und Komparatistik der Friedrich-Alexander-Universit\u00e4t Erlangen-N\u00fcrnberg in Zusammenarbeit mit der Gesellschaft f\u00fcr Familienforschung in Franken",
        "icon": "https://www.gf-franken.de/favicon.ico"
      }
    },
    {
      "@id": "https://www.archivportal-d.de/person/gnd/100030378",
      "collection": {
        "abbr": "ARCHIV-D",
        "name": "Archivportal-D",
        "publisher": "Deutsche Digitale Bibliothek",
        "icon": "https://www.archivportal-d.de/favicon.ico"
      }
    },
    {
      "@id": "https://www.deutsche-biographie.de/pnd100030378.html#adbcontent",
      "collection": {
        "abbr": "ADB",
        "name": "Allgemeine Deutsche Biographie (ADB)",
        "publisher": "Historische Kommission bei der Bayerischen Akademie der Wissenschaften und Bayerische Staatsbibliothek",
        "icon": "https://www.deutsche-biographie.de/favicon.ico"
      }
    },
    {
      "@id": "https://www.deutsche-digitale-bibliothek.de/person/gnd/100030378",
      "collection": {
        "abbr": "DDB",
        "name": "Deutsche Digitale Bibliothek",
        "publisher": "Deutsche Digitale Bibliothek",
        "icon": "https://www.deutsche-digitale-bibliothek.de/favicon.ico"
      }
    },
    {
      "@id": "https://www.portraitindex.de/dokumente/pnd/100030378",
      "collection": {
        "abbr": "Portraitindex",
        "name": "Digitaler Portraitindex der druckgraphischen Bildnisse der Fru\u0308hen Neuzeit",
        "publisher": "Deutsches Dokumentationszentrum fu\u0308r Kunstgeschichte - Bildarchiv Foto Marburg",
        "icon": "https://www.portraitindex.de/favicon.ico"
      }
    },
    {
      "@id": "http://id.loc.gov/rwo/agents/n83008340",
      "collection": {
        "abbr": "LC",
        "name": "NACO Authority File",
        "publisher": "Library of Congress",
        "icon": "https://www.loc.gov/favicon.ico"
      }
    },
    {
      "@id": "http://viaf.org/viaf/20018532",
      "collection": {
        "abbr": "VIAF",
        "name": "Virtual International Authority File (VIAF)",
        "publisher": "OCLC",
        "icon": "https://viaf.org/viaf/images/viaf.ico"
      }
    },
    {
      "@id": "http://www.wikidata.org/entity/Q1262294",
      "collection": {
        "abbr": "WIKIDATA",
        "name": "Wikidata",
        "publisher": "Wikimedia Foundation Inc.",
        "icon": "https://www.wikidata.org/static/favicon/wikidata.ico"
      }
    },
    {
      "@id": "https://isni.org/isni/0000000055230779",
      "collection": {
        "abbr": "ISNI",
        "name": "International Standard Name Identifier (ISNI)",
        "publisher": "International Standard Name Identifier (ISNI)",
        "icon": "https://www.isni.org/sites/default/files/isni_new_favicon.ico"
      }
    }
  ]
}